{"id":50938,"date":"2025-08-30T00:47:30","date_gmt":"2025-08-30T00:47:30","guid":{"rendered":"https:\/\/www.europesays.com\/pt\/50938\/"},"modified":"2025-08-30T00:47:30","modified_gmt":"2025-08-30T00:47:30","slug":"final-de-agosto-com-tempo-de-outono-portugal-tera-calor-a-sul-e-instabilidade-no-norte-e-no-centro-este-fim-de-semana","status":"publish","type":"post","link":"https:\/\/www.europesays.com\/pt\/50938\/","title":{"rendered":"Final de agosto com tempo de outono: Portugal ter\u00e1 calor a sul e instabilidade no norte e no centro este fim de semana"},"content":{"rendered":"<p>O territ\u00f3rio continental atravessa uma semana marcada por contrastes clim\u00e1ticos, com o <strong>sul do pa\u00eds <\/strong>a registar <strong>temperaturas elevadas e c\u00e9u limpo<\/strong>, enquanto o<strong> norte e centro enfrenta per\u00edodos de chuva e aguaceiros intercalados com sol<\/strong>, segundo o site do <a href=\"https:\/\/www.ipma.pt\/pt\/otempo\/prev.localidade.hora\/#Lisboa&amp;Lisboa\" target=\"_blank\" rel=\"noopener noreferrer nofollow\">Instituto Portugu\u00eas do Mar e da Atmosfera (IPMA)<\/a>.<\/p>\n<p>Apesar das<strong> noites e dias mais frescos em v\u00e1rias regi\u00f5es <\/strong>do pa\u00eds, o tempo quente ir\u00e1 continuar.<\/p>\n<p>Horacio Villalobos<\/p>\n<p>Na <strong>capital<\/strong>, prev\u00ea-se <strong>altern\u00e2ncia entre c\u00e9u pouco nublado e algumas precipita\u00e7\u00f5es isoladas<\/strong>. Esta <strong>sexta-feira, espera-se chuva ou aguaceiros fracos<\/strong>, com temperaturas entre 18\u202f\u00b0C e 27\u202f\u00b0C e vento noroeste moderado.<\/p>\n<p>No <strong>fim de semana<\/strong>, o tempo ir\u00e1 melhorar,<strong> s\u00e1bado e domingo apresentam c\u00e9u parcialmente nublado<\/strong>, com m\u00e1ximas de 26 a 28\u202f\u00b0C e m\u00ednimas de 18 a 19\u202f\u00b0C. Durante a primeira semana de setembro, as temperaturas oscilam entre 16\u202f\u00b0C e os 30\u202f\u00b0C, mantendo-se o c\u00e9u pouco nublado e risco m\u00ednimo de precipita\u00e7\u00e3o.<\/p>\n<p>Anadolu<\/p>\n<p>Em distritos como <strong>Porto, Braga e Viana do Castelo<\/strong>, a previs\u00e3o indica <strong>instabilidade significativa<\/strong>. Esta sexta-feira, o <strong>Porto ter\u00e1 aguaceiros fracos <\/strong>com temperaturas entre 17 a 23\u202f\u00b0C, Braga regista chuva ou chuvisco a m\u00ednimas 16 e m\u00e1ximas de 26\u202f\u00b0C, e Viana do Castelo 15 e 21\u202f\u00b0C.<\/p>\n<p>Este fim de semana manter\u00e1 a <strong>chuva espor\u00e1dica e fraca<\/strong>, com m\u00e1ximas a rondar os 23 e os 25\u202f\u00b0C e m\u00ednimas entre 13 e os 16\u202f\u00b0C. A <strong>primeira semana de setembro alterna entre c\u00e9u parcialmente nublado e chuviscos isolados<\/strong>, com temperaturas m\u00ednimas a baixar at\u00e9 11\u202f\u00b0C em algumas regi\u00f5es.<\/p>\n<p>Distritos como <strong>Coimbra, Leiria, Castelo Branco e Guarda apresentam c\u00e9u pouco nublado ou parcialmente nublado<\/strong>, com alguma chuva fraca. Coimbra ter\u00e1 m\u00e1ximas entre 24\u202f\u00b0C e 27\u202f\u00b0C e m\u00ednimas entre 12\u202f\u00b0C e 16\u202f\u00b0C. Castelo Branco e Leiria registam m\u00e1ximas entre 26\u202f\u00b0C e 32\u202f\u00b0C, m\u00ednimas entre 12\u202f\u00b0C e 16\u202f\u00b0C, enquanto Guarda ter\u00e1 noites mais frias, com m\u00ednimas a 7 e 11\u202f\u00b0C, e m\u00e1ximas at\u00e9 25\u202f\u00b0C.<\/p>\n<p>John Keeble<\/p>\n<p>O <strong>Alentejo e o Algarve mant\u00eam tempo quente de ver\u00e3o e soalheiro<\/strong>, com risco quase nulo de precipita\u00e7\u00e3o. Beja apresenta m\u00e1ximas entre 29\u202f\u00b0C e 33\u202f\u00b0C e m\u00ednimas entre 13\u202f\u00b0C e 16\u202f\u00b0C. \u00c9vora poder\u00e1 atingir m\u00e1ximas at\u00e9 35\u202f\u00b0C, mantendo-se c\u00e9u limpo ou pouco nublado durante toda a semana. Faro e regi\u00e3o algarvia continuam a beneficiar de sol com m\u00e1ximas entre 29\u202f\u00b0C e 33\u202f\u00b0C e m\u00ednimas de 16 a 20\u202f\u00b0C.<\/p>\n<p>O <strong>\u00edndice ultravioleta mant\u00e9m-se elevado em v\u00e1rias regi\u00f5es<\/strong>, sobretudo no Sul, atingindo valores de 8 em Beja, Faro e Castelo Branco, aconselhando precau\u00e7\u00e3o e prote\u00e7\u00e3o solar durante as horas de maior exposi\u00e7\u00e3o.<\/p>\n<p>O<strong> vento predominante ser\u00e1 do quadrante noroeste, moderado na maioria das regi\u00f5es<\/strong>, mas fraco em alguns pontos do Centro e Sul. A probabilidade de precipita\u00e7\u00e3o diminui significativamente a partir de quinta-feira, 4 de setembro, em quase todo o territ\u00f3rio, garantindo dias mais est\u00e1veis e soalheiros.<\/p>\n<p>Texto escrito por Nadja Pereira e editado por Jo\u00e3o Miguel Salvador<\/p>\n","protected":false},"excerpt":{"rendered":"O territ\u00f3rio continental atravessa uma semana marcada por contrastes clim\u00e1ticos, com o sul do pa\u00eds a registar temperaturas&hellip;\n","protected":false},"author":2,"featured_media":50939,"comment_status":"","ping_status":"","sticky":false,"template":"","format":"standard","meta":{"footnotes":""},"categories":[10],"tags":[27,28,15,16,14,25,26,21,22,12,13,19,20,32,23,24,33,17,18,29,30,31],"class_list":{"0":"post-50938","1":"post","2":"type-post","3":"status-publish","4":"format-standard","5":"has-post-thumbnail","7":"category-portugal","8":"tag-breaking-news","9":"tag-breakingnews","10":"tag-featured-news","11":"tag-featurednews","12":"tag-headlines","13":"tag-latest-news","14":"tag-latestnews","15":"tag-main-news","16":"tag-mainnews","17":"tag-news","18":"tag-noticias","19":"tag-noticias-principais","20":"tag-noticiasprincipais","21":"tag-portugal","22":"tag-principais-noticias","23":"tag-principaisnoticias","24":"tag-pt","25":"tag-top-stories","26":"tag-topstories","27":"tag-ultimas","28":"tag-ultimas-noticias","29":"tag-ultimasnoticias"},"share_on_mastodon":{"url":"","error":""},"_links":{"self":[{"href":"https:\/\/www.europesays.com\/pt\/wp-json\/wp\/v2\/posts\/50938","targetHints":{"allow":["GET"]}}],"collection":[{"href":"https:\/\/www.europesays.com\/pt\/wp-json\/wp\/v2\/posts"}],"about":[{"href":"https:\/\/www.europesays.com\/pt\/wp-json\/wp\/v2\/types\/post"}],"author":[{"embeddable":true,"href":"https:\/\/www.europesays.com\/pt\/wp-json\/wp\/v2\/users\/2"}],"replies":[{"embeddable":true,"href":"https:\/\/www.europesays.com\/pt\/wp-json\/wp\/v2\/comments?post=50938"}],"version-history":[{"count":0,"href":"https:\/\/www.europesays.com\/pt\/wp-json\/wp\/v2\/posts\/50938\/revisions"}],"wp:featuredmedia":[{"embeddable":true,"href":"https:\/\/www.europesays.com\/pt\/wp-json\/wp\/v2\/media\/50939"}],"wp:attachment":[{"href":"https:\/\/www.europesays.com\/pt\/wp-json\/wp\/v2\/media?parent=50938"}],"wp:term":[{"taxonomy":"category","embeddable":true,"href":"https:\/\/www.europesays.com\/pt\/wp-json\/wp\/v2\/categories?post=50938"},{"taxonomy":"post_tag","embeddable":true,"href":"https:\/\/www.europesays.com\/pt\/wp-json\/wp\/v2\/tags?post=50938"}],"curies":[{"name":"wp","href":"https:\/\/api.w.org\/{rel}","templated":true}]}}