{"id":5094,"date":"2025-07-28T09:46:11","date_gmt":"2025-07-28T09:46:11","guid":{"rendered":"https:\/\/www.europesays.com\/pt\/5094\/"},"modified":"2025-07-28T09:46:11","modified_gmt":"2025-07-28T09:46:11","slug":"mercados-reagem-com-suspiro-de-alivio-a-acordo-entre-ue-e-eua-comercio-internacional","status":"publish","type":"post","link":"https:\/\/www.europesays.com\/pt\/5094\/","title":{"rendered":"Mercados reagem com suspiro de al\u00edvio a acordo entre UE e EUA | Com\u00e9rcio internacional"},"content":{"rendered":"<p dir=\"ltr\">O fim da incerteza em rela\u00e7\u00e3o a um conflito entre dois parceiros que representam quase um ter\u00e7o de todas as trocas comerciais est\u00e1 a fazer, esta segunda-feira, com que os mercados bolsistas d\u00eaem sinais de al\u00edvio e registem subidas nos seus principais \u00edndices.<\/p>\n<p dir=\"ltr\">Em resposta <a href=\"https:\/\/www.publico.pt\/2025\/07\/27\/economia\/noticia\/ue-fecha-acordo-comercial-estados-unidos-tarifas-15-2141958\" rel=\"nofollow noopener\" target=\"_blank\">ao an\u00fancio de um acordo<\/a> feito na v\u00e9spera ao fim da tarde pela presidente da Comiss\u00e3o Europeia, Ursula von der Leyen\u200b, e pelo Presidente dos Estados Unidos, Donald Trump, as bolsas mundiais iniciaram o dia com a subida do valor das suas ac\u00e7\u00f5es.<\/p>\n<p dir=\"ltr\">Primeiro na \u00c1sia, onde o principal \u00edndice da bolsa de Hong Kong se valorizou 0,4%, o de Seul subiu 0,6% e o de Xangai 0,1%. Para al\u00e9m do acordo entre UE e EUA, tamb\u00e9m a beneficiar as cota\u00e7\u00f5es das bolsas asi\u00e1ticas estiveram as not\u00edcias de acelera\u00e7\u00e3o das negocia\u00e7\u00f5es entre a China e os EUA, com as duas partes a tentarem chegar a um entendimento antes do encontro agendado entre os presidentes dos dois pa\u00edses para Outubro.<\/p>\n<p dir=\"ltr\">Apenas a bolsa de T\u00f3quio n\u00e3o est\u00e1 a registar um dia positivo, apresentando mesmo uma perda de 1% no seu \u00edndice. A explica\u00e7\u00e3o est\u00e1, dizem os analistas, nas d\u00favidas que se v\u00e3o instalando em rela\u00e7\u00e3o ao acordo assinado entre os EUA e o Jap\u00e3o na semana passada e que, com uma tarifa de 15% como base, \u00e9 em tudo semelhante ao agora anunciado entre a UE e os EUA.<\/p>\n<p dir=\"ltr\">Nas bolsas europeias, o in\u00edcio da sess\u00e3o desta segunda-feira foi marcado por subidas na generalidade dos \u00edndices. Na Alemanha, o ganho foi de 0,8%, em Fran\u00e7a de 1% e em Espanha de 0,8%. O \u00edndice FTSE 100 da bolsa de Londres conseguiu uma valoriza\u00e7\u00e3o inicial de 0,5%.<\/p>\n<p dir=\"ltr\">Na bolsa de Lisboa, o ambiente tamb\u00e9m foi positivo no in\u00edcio da sess\u00e3o, com uma subida moderada do \u00edndice PSI 20 situada em torno de 0,2%.<\/p>\n<p dir=\"ltr\">A explica\u00e7\u00e3o para o arranque positivo do dia nas bolsas mundiais e em particular nas europeias est\u00e1 no facto de, com o an\u00fancio do acordo por Von der Leyen\u200b e Trump, terem ficado por agora mais distantes os cen\u00e1rios muito mais penalizadores de incerteza constante e de guerra comercial aberta entre os dois blocos econ\u00f3micos.<\/p>\n<p dir=\"ltr\">Os Estados Unidos e a Uni\u00e3o Europeia t\u00eam a rela\u00e7\u00e3o comercial mais importante do mundo, com volumes de trocas que no ano passado totalizaram 1,64 bili\u00f5es (milh\u00f5es de milh\u00f5es) de euros, correspondentes a 30% do com\u00e9rcio global e a 43% do PIB mundial.<\/p>\n<p dir=\"ltr\">S\u00e3o algumas ainda as d\u00favidas em rela\u00e7\u00e3o ao acordo estabelecido e as tarifas de 15% que ir\u00e3o ser aplicadas pelos EUA aos produtos importados da UE s\u00e3o muito mais altas do que as que se registavam antes de Donald Trump regressar ao poder no in\u00edcio deste ano. No entanto, o simples facto de, a partir de agora, se poder eventualmente vir a assistir a uma estabiliza\u00e7\u00e3o das condi\u00e7\u00f5es comerciais entre as duas partes j\u00e1 \u00e9 visto como uma melhoria significativa para empresas e investidores dos dois lados do Atl\u00e2ntico.<\/p>\n<p dir=\"ltr\">Para al\u00e9m disso, mesmo os 15% acabam por ser um mal menor face aos cen\u00e1rios alternativos que t\u00eam vindo a ser postos em cima da mesa pela administra\u00e7\u00e3o norte-americana, tendo em conta que, em Abril, as \u201ctarifas rec\u00edprocas\u201d anunciadas por Trump para a Europa ascendiam a 20% e, no in\u00edcio do m\u00eas, o valor avan\u00e7ado pelo Presidente norte-americano subiu para 30%.<\/p>\n<p dir=\"ltr\">Outra not\u00edcia que faz os mercados europeus suspirarem de al\u00edvio \u00e9 a de que as taxas alfandeg\u00e1rias de 15% ser\u00e3o aplicadas aos sectores autom\u00f3vel e farmac\u00eautico, duas ind\u00fastrias em que a Europa depende fortemente dos EUA e em rela\u00e7\u00e3o \u00e0s quais se instalaram muitas d\u00favidas nos \u00faltimos meses.<\/p>\n<p dir=\"ltr\">Esta segunda-feira, o valor do euro face ao d\u00f3lar, que nos \u00faltimos meses t\u00eam registado uma subida muito significativa, manteve-se est\u00e1vel.<\/p>\n","protected":false},"excerpt":{"rendered":"O fim da incerteza em rela\u00e7\u00e3o a um conflito entre dois parceiros que representam quase um ter\u00e7o de&hellip;\n","protected":false},"author":2,"featured_media":5095,"comment_status":"","ping_status":"","sticky":false,"template":"","format":"standard","meta":{"footnotes":""},"categories":[83],"tags":[88,2888,476,89,90,413,97,32,33,2183,1977,1153],"class_list":{"0":"post-5094","1":"post","2":"type-post","3":"status-publish","4":"format-standard","5":"has-post-thumbnail","7":"category-empresas","8":"tag-business","9":"tag-comercio-internacional","10":"tag-economia","11":"tag-economy","12":"tag-empresas","13":"tag-eua","14":"tag-mercados","15":"tag-portugal","16":"tag-pt","17":"tag-trump","18":"tag-ue","19":"tag-ursula-von-der-leyen"},"share_on_mastodon":{"url":"","error":""},"_links":{"self":[{"href":"https:\/\/www.europesays.com\/pt\/wp-json\/wp\/v2\/posts\/5094","targetHints":{"allow":["GET"]}}],"collection":[{"href":"https:\/\/www.europesays.com\/pt\/wp-json\/wp\/v2\/posts"}],"about":[{"href":"https:\/\/www.europesays.com\/pt\/wp-json\/wp\/v2\/types\/post"}],"author":[{"embeddable":true,"href":"https:\/\/www.europesays.com\/pt\/wp-json\/wp\/v2\/users\/2"}],"replies":[{"embeddable":true,"href":"https:\/\/www.europesays.com\/pt\/wp-json\/wp\/v2\/comments?post=5094"}],"version-history":[{"count":0,"href":"https:\/\/www.europesays.com\/pt\/wp-json\/wp\/v2\/posts\/5094\/revisions"}],"wp:featuredmedia":[{"embeddable":true,"href":"https:\/\/www.europesays.com\/pt\/wp-json\/wp\/v2\/media\/5095"}],"wp:attachment":[{"href":"https:\/\/www.europesays.com\/pt\/wp-json\/wp\/v2\/media?parent=5094"}],"wp:term":[{"taxonomy":"category","embeddable":true,"href":"https:\/\/www.europesays.com\/pt\/wp-json\/wp\/v2\/categories?post=5094"},{"taxonomy":"post_tag","embeddable":true,"href":"https:\/\/www.europesays.com\/pt\/wp-json\/wp\/v2\/tags?post=5094"}],"curies":[{"name":"wp","href":"https:\/\/api.w.org\/{rel}","templated":true}]}}