{"id":509462,"date":"2026-09-02T21:14:26","date_gmt":"2026-09-02T21:14:26","guid":{"rendered":"https:\/\/www.europesays.com\/pt\/509462\/"},"modified":"2026-09-02T21:14:26","modified_gmt":"2026-09-02T21:14:26","slug":"pela-primeira-vez-um-pais-vai-pagar-servicos-de-ia-a-todos-os-seus-cidadaos","status":"publish","type":"post","link":"https:\/\/www.europesays.com\/pt\/509462\/","title":{"rendered":"Pela primeira vez, um pa\u00eds vai pagar servi\u00e7os de IA a todos os seus cidad\u00e3os"},"content":{"rendered":"<p>A Coreia do Sul prepara-se para se tornar o primeiro pa\u00eds do mundo a oferecer acesso gratuito a servi\u00e7os de Intelig\u00eancia Artificial (IA) generativa a toda a sua popula\u00e7\u00e3o, sem limites de tokens. O programa, de nome &#8220;AI for All&#8221;, arranca em fase de testes agora em setembro.<\/p>\n<p><a target=\"_blank\" href=\"https:\/\/pplware.sapo.pt\/wp-content\/uploads\/2026\/09\/coreia-do-sul-robo-1.jpg\" onclick=\"refreshIframe()\" class=\"foobox\" rel=\"nofollow noopener\"><img fetchpriority=\"high\" decoding=\"async\" src=\"https:\/\/www.europesays.com\/pt\/wp-content\/uploads\/2026\/09\/coreia-do-sul-robo-1-720x405.jpg\" alt=\"\" width=\"720\" height=\"405\" class=\"aligncenter size-medium wp-image-1138614\"  \/><\/a>\n<\/p>\n<p>O governo sul-coreano anunciou um <a target=\"_blank\" href=\"https:\/\/www.wsj.com\/tech\/ai\/south-koreas-ai-for-all-push-gives-free-access-to-every-citizen-451f6b2c\" rel=\"nofollow noopener\">plano ambicioso<\/a> para <strong>colocar a IA ao servi\u00e7o do dia a dia dos cidad\u00e3os<\/strong>, ajudando em tarefas como marcar consultas m\u00e9dicas, procurar casa para arrendar ou tratar de quest\u00f5es fiscais.<\/p>\n<p>Mais do que chatbots isolados, estes servi\u00e7os v\u00e3o estar <strong>ligados diretamente aos sistemas do Estado<\/strong>, permitindo que residentes agendem consultas, pesquisem habita\u00e7\u00e3o e obtenham orienta\u00e7\u00e3o sobre impostos atrav\u00e9s das plataformas.<\/p>\n<p>As pequenas empresas poder\u00e3o calcular impostos e verificar se s\u00e3o eleg\u00edveis para apoios p\u00fablicos, enquanto os pais ter\u00e3o acesso a recomenda\u00e7\u00f5es de conte\u00fados educativos para os filhos.<\/p>\n<p>A Coreia do Sul anunciou j\u00e1 <strong>tr\u00eas cons\u00f3rcios tecnol\u00f3gicos<\/strong> escolhidos para desenvolver estes servi\u00e7os, entre seis candidatos avaliados em crit\u00e9rios como:<\/p>\n<ul>\n<li>Qualidade dos modelos;<\/li>\n<li>Desenho do servi\u00e7o;<\/li>\n<li>Seguran\u00e7a;<\/li>\n<li>Capacidade de processamento gr\u00e1fico.<\/li>\n<\/ul>\n<p>Os selecionados s\u00e3o liderados pelas duas maiores operadoras de telecomunica\u00e7\u00f5es do pa\u00eds, <strong>SK Telecom e KT<\/strong>, e ainda pela empresa respons\u00e1vel pela <strong>Kakao<\/strong>, uma das plataformas de consumo mais populares na <a target=\"_blank\" href=\"https:\/\/pplware.sapo.pt\/tag\/coreia-do-sul\/\" rel=\"nofollow noopener\">Coreia do Sul<\/a>.<\/p>\n<p>Cada cons\u00f3rcio vai <strong>lan\u00e7ar a sua pr\u00f3pria aplica\u00e7\u00e3o de IA<\/strong> e vai tamb\u00e9m integrar funcionalidades de IA generativa em produtos j\u00e1 existentes.<\/p>\n<p>Como vai funcionar e quem paga a conta<\/p>\n<p>Para sustentar o projeto, o Estado sul-coreano vai fornecer parte da capacidade de computa\u00e7\u00e3o necess\u00e1ria, <strong>distribuindo at\u00e9 512 chips NVIDIA B200<\/strong> pelos tr\u00eas cons\u00f3rcios.<\/p>\n<p><a target=\"_blank\" href=\"https:\/\/pplware.sapo.pt\/wp-content\/uploads\/2026\/09\/NVIDIA-B200-1.jpg\" onclick=\"refreshIframe()\" class=\"foobox\" rel=\"nofollow noopener\"><img loading=\"lazy\" decoding=\"async\" src=\"https:\/\/www.europesays.com\/pt\/wp-content\/uploads\/2026\/09\/NVIDIA-B200-1-720x405.jpg\" alt=\"\" width=\"720\" height=\"405\" class=\"aligncenter size-medium wp-image-1138616\"  \/><\/a><\/p>\n<p>O minist\u00e9rio da Ci\u00eancia e das TIC pretende assinar os acordos com os operadores j\u00e1 este m\u00eas, avan\u00e7ando depois para os testes beta e para um <strong>lan\u00e7amento completo at\u00e9 ao final do ano<\/strong>.<\/p>\n<p>O apoio do governo aos custos operacionais a n\u00edvel nacional <strong>s\u00f3 dever\u00e1 come\u00e7ar em 2027<\/strong>, cabendo entretanto \u00e0s empresas contribuir com fundos pr\u00f3prios e desenvolver outras fontes de receita.<\/p>\n<p>As regras do programa incluem ainda uma esp\u00e9cie de quota para modelos nacionais. Ou seja, os operadores ser\u00e3o obrigados a encaminhar pelo menos metade de todos os pedidos atrav\u00e9s do seu <strong>pr\u00f3prio modelo de funda\u00e7\u00e3o certificado coreano<\/strong>, e mais 30% atrav\u00e9s de modelos desenvolvidos por outras empresas locais, elevando a fasquia de utiliza\u00e7\u00e3o de tecnologia dom\u00e9stica a 80%.<\/p>\n<p>O recurso a modelos estrangeiros s\u00f3 ser\u00e1 permitido quando o minist\u00e9rio o considerar necess\u00e1rio, e essa utiliza\u00e7\u00e3o <strong>n\u00e3o ter\u00e1 qualquer subs\u00eddio associado<\/strong>.<\/p>\n<p><a target=\"_blank\" href=\"https:\/\/pplware.sapo.pt\/wp-content\/uploads\/2026\/09\/lee-jae-myung-coreia-do-sul-1.jpg\" onclick=\"refreshIframe()\" class=\"foobox\" rel=\"nofollow noopener\"><img loading=\"lazy\" decoding=\"async\" aria-describedby=\"caption-attachment-1138615\" src=\"https:\/\/www.europesays.com\/pt\/wp-content\/uploads\/2026\/09\/lee-jae-myung-coreia-do-sul-1-720x405.jpg\" alt=\"O presidente sul-coreano Lee Jae Myung a discursar durante uma mesa-redonda empresarial entre a Coreia do Sul e os Estados Unidos, em Washington. \" width=\"720\" height=\"405\" class=\"wp-image-1138615 size-medium\"  \/><\/a><\/p>\n<p id=\"caption-attachment-1138615\" class=\"wp-caption-text\">O presidente sul-coreano Lee Jae Myung a discursar durante uma mesa-redonda empresarial entre a Coreia do Sul e os Estados Unidos, em Washington. Cr\u00e9dito: Annabelle Gordon\/<a target=\"_blank\" href=\"https:\/\/www.reuters.com\/world\/asia-pacific\/south-korea-boost-budget-spending-bid-spur-ai-led-growth-2025-08-29\/\" rel=\"nofollow noopener\">Reuters<\/a><\/p>\n<p>Um mercado de IA em crescimento<\/p>\n<p>A Coreia do Sul j\u00e1 \u00e9 um mercado relevante para a IA generativa. Um inqu\u00e9rito governamental realizado este ano indica que <strong>cerca de um quarto dos sul-coreanos paga por servi\u00e7os de IA<\/strong>.<\/p>\n<p>O governo sul-coreano estima ainda que <strong>mais de 20 milh\u00f5es de pessoas no pa\u00eds usem atualmente ferramentas de IA generativa gratuitas<\/strong>, a maioria atrav\u00e9s de plataformas estrangeiras, como o ChatGPT, que em abril contava com cerca de 23,45 milh\u00f5es de utilizadores coreanos, muito acima do Gemini e do Claude.<\/p>\n<p>Neste contexto, o executivo do presidente Lee Jae-myung <strong>reservou cerca de 10 mil milh\u00f5es de won (o equivalente a cerca de 6,2 mil milh\u00f5es de euros)<\/strong> para despesas relacionadas com IA em 2026, um valor tr\u00eas vezes superior ao do ano anterior.<\/p>\n<p>\u00a0<\/p>\n<p><strong>Leia tamb\u00e9m:<\/strong><\/p>\n","protected":false},"excerpt":{"rendered":"A Coreia do Sul prepara-se para se tornar o primeiro pa\u00eds do mundo a oferecer acesso gratuito a&hellip;\n","protected":false},"author":2,"featured_media":509463,"comment_status":"","ping_status":"","sticky":false,"template":"","format":"standard","meta":{"footnotes":"","_share_on_mastodon":"0"},"categories":[83],"tags":[88,3092,89,90,933,32,33],"class_list":["post-509462","post","type-post","status-publish","format-standard","has-post-thumbnail","category-empresas","tag-business","tag-coreia-do-sul","tag-economy","tag-empresas","tag-inteligencia-artificial","tag-portugal","tag-pt"],"share_on_mastodon":{"url":"https:\/\/pubeurope.com\/@pt\/117203519317552899","error":""},"_links":{"self":[{"href":"https:\/\/www.europesays.com\/pt\/wp-json\/wp\/v2\/posts\/509462","targetHints":{"allow":["GET"]}}],"collection":[{"href":"https:\/\/www.europesays.com\/pt\/wp-json\/wp\/v2\/posts"}],"about":[{"href":"https:\/\/www.europesays.com\/pt\/wp-json\/wp\/v2\/types\/post"}],"author":[{"embeddable":true,"href":"https:\/\/www.europesays.com\/pt\/wp-json\/wp\/v2\/users\/2"}],"replies":[{"embeddable":true,"href":"https:\/\/www.europesays.com\/pt\/wp-json\/wp\/v2\/comments?post=509462"}],"version-history":[{"count":0,"href":"https:\/\/www.europesays.com\/pt\/wp-json\/wp\/v2\/posts\/509462\/revisions"}],"wp:featuredmedia":[{"embeddable":true,"href":"https:\/\/www.europesays.com\/pt\/wp-json\/wp\/v2\/media\/509463"}],"wp:attachment":[{"href":"https:\/\/www.europesays.com\/pt\/wp-json\/wp\/v2\/media?parent=509462"}],"wp:term":[{"taxonomy":"category","embeddable":true,"href":"https:\/\/www.europesays.com\/pt\/wp-json\/wp\/v2\/categories?post=509462"},{"taxonomy":"post_tag","embeddable":true,"href":"https:\/\/www.europesays.com\/pt\/wp-json\/wp\/v2\/tags?post=509462"}],"curies":[{"name":"wp","href":"https:\/\/api.w.org\/{rel}","templated":true}]}}