{"id":509488,"date":"2026-09-02T21:40:16","date_gmt":"2026-09-02T21:40:16","guid":{"rendered":"https:\/\/www.europesays.com\/pt\/509488\/"},"modified":"2026-09-02T21:40:16","modified_gmt":"2026-09-02T21:40:16","slug":"ultima-hora-ja-nasceu-o-filho-de-sara-sistelo-e-moises-figueira-veja-aqui-a-primeira-imagem-do-bebe-big-brother-verao-2026-ultimas-noticias-videos-e-diretos","status":"publish","type":"post","link":"https:\/\/www.europesays.com\/pt\/509488\/","title":{"rendered":"\u00daltima hora! J\u00e1 nasceu o filho de Sara Sistelo e Mois\u00e9s Figueira: veja aqui a primeira imagem do beb\u00e9 &#8211; Big Brother Ver\u00e3o 2026: \u00daltimas Not\u00edcias, V\u00eddeos e Diretos"},"content":{"rendered":"<p>Chama-se <strong>Orion<\/strong> e j\u00e1 chegou ao mundo. Sara Sistelo e Mois\u00e9s Figueira anunciaram o <strong>nascimento do primeiro filho do casal<\/strong> esta ter\u00e7a-feira, dia 2 de setembro, atrav\u00e9s das redes sociais, partilhando a <strong>primeira imagem do beb\u00e9 com os seguidores.<\/strong><\/p>\n<p> <img loading=\"lazy\" decoding=\"async\" id=\"6a9872a8d34ed0733ba831dd\" width=\"1000\" height=\"1218\" src=\"https:\/\/www.europesays.com\/pt\/wp-content\/uploads\/2026\/09\/6a9872a8d34ed0733ba831dd.webp\" alt=\"Sara Sistelo e Mois\u00e9s Figueira com o filho, Orion\" class=\"internal-pic\"\/> <\/p>\n<p>Na legenda da publica\u00e7\u00e3o,<strong> Sara Sistelo e Mois\u00e9s Figueira n\u00e3o esconderam a emo\u00e7\u00e3o deste momento t\u00e3o especial<\/strong>, revelando tamb\u00e9m que a gravidez n\u00e3o foi isenta de sobressaltos:<\/p>\n<p>\u00ab02\/09\/2026 Ol\u00e1 mundo. Depois de alguns sustos aqui est\u00e1 ele pertinho de n\u00f3s. A ansiedade finalmente acalmou, e a montanha russa de emo\u00e7\u00f5es ainda agora come\u00e7ou. Felizes por viver esta hist\u00f3ria\u00bb<\/p>\n<p>As<strong> palavras escolhidas pelo casal deixam transparecer o al\u00edvio depois de uma gravidez marcada por momentos de maior preocupa\u00e7\u00e3o<\/strong>. Agora, com Orion j\u00e1 nos bra\u00e7os dos pais, Sara Sistelo e Mois\u00e9s Figueira entram numa nova fase das suas vidas, descrita por ambos como uma <strong>verdadeira &#8220;montanha russa de emo\u00e7\u00f5es&#8221; que agora come\u00e7a.<\/strong><\/p>\n<p>A publica\u00e7\u00e3o foi rapidamente inundada de coment\u00e1rios de familiares, amigos e seguidores, que deixaram mensagens de felicita\u00e7\u00f5es ao casal pela chegada do pequeno Orion.<\/p>\n<p style=\"text-align: justify;\"><strong>Veja aqui a publica\u00e7\u00e3o:<\/strong><\/p>\n<p>\u00a0<\/p>\n","protected":false},"excerpt":{"rendered":"Chama-se Orion e j\u00e1 chegou ao mundo. Sara Sistelo e Mois\u00e9s Figueira anunciaram o nascimento do primeiro filho&hellip;\n","protected":false},"author":2,"featured_media":509489,"comment_status":"","ping_status":"","sticky":false,"template":"","format":"standard","meta":{"footnotes":"","_share_on_mastodon":"0"},"categories":[85],"tags":[331,48,333,328,335,336,114,115,334,332,330,338,51412,81642,13,81641,32,33,51300,162,227],"class_list":["post-509488","post","type-post","status-publish","format-standard","has-post-thumbnail","category-entretenimento","tag-big","tag-big-brother","tag-comentadores","tag-concorrentes","tag-confrontos","tag-discussoes","tag-entertainment","tag-entretenimento","tag-exclusivos","tag-expulso","tag-gala","tag-maria-botelho-moniz","tag-moises-figueira","tag-nascimento-do-filho","tag-noticias","tag-orion-sistelo","tag-portugal","tag-pt","tag-sara-sistelo","tag-tvi","tag-videos"],"share_on_mastodon":{"url":"https:\/\/pubeurope.com\/@pt\/117203621495441703","error":""},"_links":{"self":[{"href":"https:\/\/www.europesays.com\/pt\/wp-json\/wp\/v2\/posts\/509488","targetHints":{"allow":["GET"]}}],"collection":[{"href":"https:\/\/www.europesays.com\/pt\/wp-json\/wp\/v2\/posts"}],"about":[{"href":"https:\/\/www.europesays.com\/pt\/wp-json\/wp\/v2\/types\/post"}],"author":[{"embeddable":true,"href":"https:\/\/www.europesays.com\/pt\/wp-json\/wp\/v2\/users\/2"}],"replies":[{"embeddable":true,"href":"https:\/\/www.europesays.com\/pt\/wp-json\/wp\/v2\/comments?post=509488"}],"version-history":[{"count":0,"href":"https:\/\/www.europesays.com\/pt\/wp-json\/wp\/v2\/posts\/509488\/revisions"}],"wp:featuredmedia":[{"embeddable":true,"href":"https:\/\/www.europesays.com\/pt\/wp-json\/wp\/v2\/media\/509489"}],"wp:attachment":[{"href":"https:\/\/www.europesays.com\/pt\/wp-json\/wp\/v2\/media?parent=509488"}],"wp:term":[{"taxonomy":"category","embeddable":true,"href":"https:\/\/www.europesays.com\/pt\/wp-json\/wp\/v2\/categories?post=509488"},{"taxonomy":"post_tag","embeddable":true,"href":"https:\/\/www.europesays.com\/pt\/wp-json\/wp\/v2\/tags?post=509488"}],"curies":[{"name":"wp","href":"https:\/\/api.w.org\/{rel}","templated":true}]}}