{"id":509494,"date":"2026-09-02T21:44:28","date_gmt":"2026-09-02T21:44:28","guid":{"rendered":"https:\/\/www.europesays.com\/pt\/509494\/"},"modified":"2026-09-02T21:44:28","modified_gmt":"2026-09-02T21:44:28","slug":"carneiro-diz-que-nao-sera-pelo-ps-que-havera-crise-politica-em-portugal-2","status":"publish","type":"post","link":"https:\/\/www.europesays.com\/pt\/509494\/","title":{"rendered":"Carneiro diz que n\u00e3o ser\u00e1 pelo PS que haver\u00e1 &#8220;crise pol\u00edtica&#8221; em Portugal"},"content":{"rendered":"<p>\n                <b>&#8220;N\u00f3s contribuiremos para a estabilidade pol\u00edtica do pa\u00eds e n\u00e3o ser\u00e1 pelo PS que haver\u00e1 crise pol\u00edtica em Portugal&#8221;<\/b>, disse o secret\u00e1rio-geral do PS, em Maputo, questionado pela Lusa sobre a possibilidade de avan\u00e7ar a mo\u00e7\u00e3o de censura ao Governo admitida pelo Chega, devido aos alegados casos envolvendo o ministro da Administra\u00e7\u00e3o Interna.<\/p>\n<p>&#8220;Temos de aguardar e saber o que \u00e9 que ela diz e avaliar aquilo que essa mo\u00e7\u00e3o dir\u00e1. O que \u00e9 certo \u00e9 que foi prometido para ter\u00e7a, hoje \u00e9 quarta, foi tamb\u00e9m prometido avan\u00e7ar com uma comiss\u00e3o de inqu\u00e9rito. Ou seja, isto faz parte de uma ocupa\u00e7\u00e3o de espa\u00e7o medi\u00e1tico&#8221;, criticou ainda o l\u00edder socialista, que est\u00e1 desde segunda-feira em visita a Mo\u00e7ambique.<\/p>\n<p>Insistiu que sobre a possibilidade de apresenta\u00e7\u00e3o de uma mo\u00e7\u00e3o de censura, admitida pelo l\u00edder do Chega, Andr\u00e9 Ventura, n\u00e3o pode &#8220;comentar coisas que n\u00e3o existem&#8221;.<\/p>\n<p>&#8220;Eu reitero aquilo que disse, o primeiro-ministro \u00e9 o primeiro e mais importante respons\u00e1vel por tudo quanto tem que ver com o Governo. S\u00f3 ele convida, s\u00f3 ele exonera. E o primeiro-ministro tem que ter consci\u00eancia do que se tem vindo a passar, tem vindo a degradar a confian\u00e7a dos cidad\u00e3os nas suas institui\u00e7\u00f5es pol\u00edticas e ele tem deveres, tem uma responsabilidade que n\u00e3o pode alienar nem pode entregar aos outros. Ele pr\u00f3prio tem de assumir essa responsabilidade&#8221;, concluiu.<\/p>\n<p><b>O presidente do Chega vai anunciar esta tarde se o partido avan\u00e7a ou n\u00e3o com uma mo\u00e7\u00e3o de censura ao Governo, depois de na ter\u00e7a-feira \u00e0 noite Andr\u00e9 Ventura ter dito que estava &#8220;mais tendente a avan\u00e7ar&#8221;.<br \/>&#13;<br \/>\n<\/b><br \/>&#13;<br \/>\nO partido marcou para as 16h30 uma declara\u00e7\u00e3o do l\u00edder sobre a eventual mo\u00e7\u00e3o de censura, que acontecer\u00e1 na sede do Chega, em Lisboa.<\/p>\n<p>Na semana passada, Andr\u00e9 Ventura j\u00e1 tinha admitido avan\u00e7ar com uma mo\u00e7\u00e3o de censura caso o primeiro-ministro n\u00e3o resolvesse a situa\u00e7\u00e3o do ministro da Administra\u00e7\u00e3o Interna, que considerou ter atingido um n\u00edvel &#8220;grotesco&#8221; e &#8220;inaceit\u00e1vel&#8221;, e estabeleceu como prazo esta ter\u00e7a-feira.<\/p>\n<p>Na segunda-feira, o l\u00edder do Chega disse que reuniria no dia seguinte os \u00f3rg\u00e3os do partido para tomar uma &#8220;decis\u00e3o final&#8221; sobre a apresenta\u00e7\u00e3o de uma mo\u00e7\u00e3o de censura ao Governo de Lu\u00eds Montenegro.<\/p>\n<p>Na ter\u00e7a-feira ao final da tarde, Ventura disse ainda n\u00e3o ter tomado uma decis\u00e3o, remetendo &#8220;provavelmente&#8221; para hoje, pois ainda estaria a ouvir os \u00f3rg\u00e3os do partido.<\/p>\n<p>Horas depois, em entrevista \u00e0 CNN Portugal, o presidente do Chega reiterou que a decis\u00e3o ainda n\u00e3o estava tomada e voltou a remeter para hoje.<\/p>\n<p>&#8220;Estou mais tendente a avan\u00e7ar do que a n\u00e3o avan\u00e7ar&#8221;, indicou, referindo existir tamb\u00e9m &#8220;um consenso bastante alargado&#8221; dentro do partido de que uma mo\u00e7\u00e3o de censura &#8220;pode fazer sentido&#8221;.<\/p>\n<p>Ventura defendeu ainda que a decis\u00e3o n\u00e3o pode ser tomada &#8220;de \u00e2nimo leve&#8221; e que teria de ouvir o partido, o Presidente da Rep\u00fablica e algumas personalidades da sociedade civil antes de tomar uma decis\u00e3o, contactos que &#8220;esperava que estivessem terminados&#8221; na ter\u00e7a-feira.&#13;\n            <\/p>\n","protected":false},"excerpt":{"rendered":"&#8220;N\u00f3s contribuiremos para a estabilidade pol\u00edtica do pa\u00eds e n\u00e3o ser\u00e1 pelo PS que haver\u00e1 crise pol\u00edtica em&hellip;\n","protected":false},"author":2,"featured_media":509495,"comment_status":"","ping_status":"","sticky":false,"template":"","format":"standard","meta":{"footnotes":"","_share_on_mastodon":"0"},"categories":[10],"tags":[27,28,607,15,16,14,25,26,21,22,12,13,19,20,32,23,24,33,17,18,29,30,31],"class_list":["post-509494","post","type-post","status-publish","format-standard","has-post-thumbnail","category-portugal","tag-breaking-news","tag-breakingnews","tag-cnn","tag-featured-news","tag-featurednews","tag-headlines","tag-latest-news","tag-latestnews","tag-main-news","tag-mainnews","tag-news","tag-noticias","tag-noticias-principais","tag-noticiasprincipais","tag-portugal","tag-principais-noticias","tag-principaisnoticias","tag-pt","tag-top-stories","tag-topstories","tag-ultimas","tag-ultimas-noticias","tag-ultimasnoticias"],"share_on_mastodon":{"url":"https:\/\/pubeurope.com\/@pt\/117203636500264535","error":""},"_links":{"self":[{"href":"https:\/\/www.europesays.com\/pt\/wp-json\/wp\/v2\/posts\/509494","targetHints":{"allow":["GET"]}}],"collection":[{"href":"https:\/\/www.europesays.com\/pt\/wp-json\/wp\/v2\/posts"}],"about":[{"href":"https:\/\/www.europesays.com\/pt\/wp-json\/wp\/v2\/types\/post"}],"author":[{"embeddable":true,"href":"https:\/\/www.europesays.com\/pt\/wp-json\/wp\/v2\/users\/2"}],"replies":[{"embeddable":true,"href":"https:\/\/www.europesays.com\/pt\/wp-json\/wp\/v2\/comments?post=509494"}],"version-history":[{"count":0,"href":"https:\/\/www.europesays.com\/pt\/wp-json\/wp\/v2\/posts\/509494\/revisions"}],"wp:featuredmedia":[{"embeddable":true,"href":"https:\/\/www.europesays.com\/pt\/wp-json\/wp\/v2\/media\/509495"}],"wp:attachment":[{"href":"https:\/\/www.europesays.com\/pt\/wp-json\/wp\/v2\/media?parent=509494"}],"wp:term":[{"taxonomy":"category","embeddable":true,"href":"https:\/\/www.europesays.com\/pt\/wp-json\/wp\/v2\/categories?post=509494"},{"taxonomy":"post_tag","embeddable":true,"href":"https:\/\/www.europesays.com\/pt\/wp-json\/wp\/v2\/tags?post=509494"}],"curies":[{"name":"wp","href":"https:\/\/api.w.org\/{rel}","templated":true}]}}