{"id":509504,"date":"2026-09-02T21:54:13","date_gmt":"2026-09-02T21:54:13","guid":{"rendered":"https:\/\/www.europesays.com\/pt\/509504\/"},"modified":"2026-09-02T21:54:13","modified_gmt":"2026-09-02T21:54:13","slug":"finalmente-uma-das-comentadoras-mais-polemicas-e-pedidas-regressa-ao-big-brother-all-stars-big-brother-verao-2026-ultimas-noticias-videos-e-diretos","status":"publish","type":"post","link":"https:\/\/www.europesays.com\/pt\/509504\/","title":{"rendered":"\u00abFinalmente\u00bb: Uma das comentadoras mais pol\u00e9micas e pedidas regressa ao Big Brother All Stars &#8211; Big Brother Ver\u00e3o 2026: \u00daltimas Not\u00edcias, V\u00eddeos e Diretos"},"content":{"rendered":"<p>H\u00e1 <strong>novidades no que toca ao painel de comentadores<\/strong> do Big Brother All Stars. Depois de uma pausa, <a target=\"_self\" rel=\"noopener noreferrer nofollow\" href=\"https:\/\/tvi.iol.pt\/bigbrother\/search?pagina=1&amp;pesquisa=Susana+dias%20ramos\">Susana Dias Ramos<\/a> <strong>est\u00e1 de regresso ao universo dos reality shows da TVI<\/strong>, desta vez para acompanhar de perto o confronto entre <strong>alguns dos concorrentes mais marcantes da hist\u00f3ria do formato.<\/strong><\/p>\n<p>Quem trouxe a not\u00edcia foi a pr\u00f3pria psic\u00f3loga, <strong>em entrevista ao programa Dois \u00e0s 10. <\/strong>Questionada sobre as raz\u00f5es que a levaram a aceitar este novo convite profissional, Susana Dias Ramos n\u00e3o escondeu o lado bem-disposto:<\/p>\n<p>\u00abEstava com falta de hate. Toda a gente muito amiga, tudo a dizer bem de mim&#8230; Vou arranjar sarilho\u00bb, brinca.<\/p>\n<p>Apesar de ter estado afastada dos coment\u00e1rios durante alguns meses, a psic\u00f3loga faz quest\u00e3o de desfazer qualquer especula\u00e7\u00e3o sobre uma eventual sa\u00edda conturbada. Segundo explica, <strong>a decis\u00e3o prendeu-se apenas com uma quest\u00e3o de log\u00edstica e concilia\u00e7\u00e3o de hor\u00e1rios:<\/strong><\/p>\n<p>\u00abProfissionalmente era muito dif\u00edcil conciliar a cl\u00ednica, o meu filho, os programas \u00e0 noite&#8230; Continuo a viver no Porto e era muito complicado para mim.\u00bb<\/p>\n<p>Com a agenda agora ajustada, Susana Dias Ramos <strong>prepara-se para regressar ao ecr\u00e3 e voltar a fazer parte das conversas<\/strong> em torno de mais uma edi\u00e7\u00e3o do Big Brother, desta vez com um<strong> elenco composto pelos nomes mais ic\u00f3nicos dos \u00faltimos 26 anos de reality shows em Portugal.<\/strong><\/p>\n<p><strong>\u00a0Veja aqui a entrevista:<\/strong><\/p>\n","protected":false},"excerpt":{"rendered":"H\u00e1 novidades no que toca ao painel de comentadores do Big Brother All Stars. Depois de uma pausa,&hellip;\n","protected":false},"author":2,"featured_media":509505,"comment_status":"","ping_status":"","sticky":false,"template":"","format":"standard","meta":{"footnotes":"","_share_on_mastodon":"0"},"categories":[85],"tags":[331,48,68848,333,328,335,336,114,115,334,332,330,338,13,32,33,23734,162,227],"class_list":["post-509504","post","type-post","status-publish","format-standard","has-post-thumbnail","category-entretenimento","tag-big","tag-big-brother","tag-big-brother-all-stars","tag-comentadores","tag-concorrentes","tag-confrontos","tag-discussoes","tag-entertainment","tag-entretenimento","tag-exclusivos","tag-expulso","tag-gala","tag-maria-botelho-moniz","tag-noticias","tag-portugal","tag-pt","tag-susana-dias-ramos","tag-tvi","tag-videos"],"share_on_mastodon":{"url":"https:\/\/pubeurope.com\/@pt\/117203675979140012","error":""},"_links":{"self":[{"href":"https:\/\/www.europesays.com\/pt\/wp-json\/wp\/v2\/posts\/509504","targetHints":{"allow":["GET"]}}],"collection":[{"href":"https:\/\/www.europesays.com\/pt\/wp-json\/wp\/v2\/posts"}],"about":[{"href":"https:\/\/www.europesays.com\/pt\/wp-json\/wp\/v2\/types\/post"}],"author":[{"embeddable":true,"href":"https:\/\/www.europesays.com\/pt\/wp-json\/wp\/v2\/users\/2"}],"replies":[{"embeddable":true,"href":"https:\/\/www.europesays.com\/pt\/wp-json\/wp\/v2\/comments?post=509504"}],"version-history":[{"count":0,"href":"https:\/\/www.europesays.com\/pt\/wp-json\/wp\/v2\/posts\/509504\/revisions"}],"wp:featuredmedia":[{"embeddable":true,"href":"https:\/\/www.europesays.com\/pt\/wp-json\/wp\/v2\/media\/509505"}],"wp:attachment":[{"href":"https:\/\/www.europesays.com\/pt\/wp-json\/wp\/v2\/media?parent=509504"}],"wp:term":[{"taxonomy":"category","embeddable":true,"href":"https:\/\/www.europesays.com\/pt\/wp-json\/wp\/v2\/categories?post=509504"},{"taxonomy":"post_tag","embeddable":true,"href":"https:\/\/www.europesays.com\/pt\/wp-json\/wp\/v2\/tags?post=509504"}],"curies":[{"name":"wp","href":"https:\/\/api.w.org\/{rel}","templated":true}]}}