{"id":509510,"date":"2026-09-02T21:58:16","date_gmt":"2026-09-02T21:58:16","guid":{"rendered":"https:\/\/www.europesays.com\/pt\/509510\/"},"modified":"2026-09-02T21:58:16","modified_gmt":"2026-09-02T21:58:16","slug":"afastada-hipotese-de-crime-no-caso-do-alemao-encontrado-ontem-morto-em-casa","status":"publish","type":"post","link":"https:\/\/www.europesays.com\/pt\/509510\/","title":{"rendered":"Afastada hip\u00f3tese de crime no caso do alem\u00e3o encontrado ontem morto em casa"},"content":{"rendered":"<p>Um cidad\u00e3o de nacionalidade alem\u00e3 foi encontrado morto, ontem \u00e0 tarde, conforme noticiou o JM ao final da tarde de ontem. O caso aconteceu no interior da sua resid\u00eancia, na Ponta do Sol.<\/p>\n<p>As circunst\u00e2ncias da morte foram avaliadas pelas autoridades, tendo a Pol\u00edcia Judici\u00e1ria realizado uma inspe\u00e7\u00e3o ao cad\u00e1ver no \u00e2mbito das dilig\u00eancias efetuadas, conforme transmitido ao JM.\u00a0<\/p>\n<p>Conforme traz hoje o JM na sua edi\u00e7\u00e3o impressa foi necess\u00e1rio proceder ao arrombamento da porta da habita\u00e7\u00e3o para chegar at\u00e9 ao homem.\u00a0<\/p>\n<p>De acordo com os elementos apurados,\u00a0n\u00e3o foram identificados ind\u00edcios de crime, apontando as autoridades para uma morte sem interven\u00e7\u00e3o de terceiros.<\/p>\n","protected":false},"excerpt":{"rendered":"Um cidad\u00e3o de nacionalidade alem\u00e3 foi encontrado morto, ontem \u00e0 tarde, conforme noticiou o JM ao final da&hellip;\n","protected":false},"author":2,"featured_media":509511,"comment_status":"","ping_status":"","sticky":false,"template":"","format":"standard","meta":{"footnotes":"","_share_on_mastodon":"0"},"categories":[10],"tags":[27,28,15,16,14,25,26,21,22,12,13,19,20,4107,59812,32,23,24,33,17,18,29,30,31],"class_list":["post-509510","post","type-post","status-publish","format-standard","has-post-thumbnail","category-portugal","tag-breaking-news","tag-breakingnews","tag-featured-news","tag-featurednews","tag-headlines","tag-latest-news","tag-latestnews","tag-main-news","tag-mainnews","tag-news","tag-noticias","tag-noticias-principais","tag-noticiasprincipais","tag-pj","tag-ponta-do-sol","tag-portugal","tag-principais-noticias","tag-principaisnoticias","tag-pt","tag-top-stories","tag-topstories","tag-ultimas","tag-ultimas-noticias","tag-ultimasnoticias"],"share_on_mastodon":{"url":"https:\/\/pubeurope.com\/@pt\/117203691657682839","error":""},"_links":{"self":[{"href":"https:\/\/www.europesays.com\/pt\/wp-json\/wp\/v2\/posts\/509510","targetHints":{"allow":["GET"]}}],"collection":[{"href":"https:\/\/www.europesays.com\/pt\/wp-json\/wp\/v2\/posts"}],"about":[{"href":"https:\/\/www.europesays.com\/pt\/wp-json\/wp\/v2\/types\/post"}],"author":[{"embeddable":true,"href":"https:\/\/www.europesays.com\/pt\/wp-json\/wp\/v2\/users\/2"}],"replies":[{"embeddable":true,"href":"https:\/\/www.europesays.com\/pt\/wp-json\/wp\/v2\/comments?post=509510"}],"version-history":[{"count":0,"href":"https:\/\/www.europesays.com\/pt\/wp-json\/wp\/v2\/posts\/509510\/revisions"}],"wp:featuredmedia":[{"embeddable":true,"href":"https:\/\/www.europesays.com\/pt\/wp-json\/wp\/v2\/media\/509511"}],"wp:attachment":[{"href":"https:\/\/www.europesays.com\/pt\/wp-json\/wp\/v2\/media?parent=509510"}],"wp:term":[{"taxonomy":"category","embeddable":true,"href":"https:\/\/www.europesays.com\/pt\/wp-json\/wp\/v2\/categories?post=509510"},{"taxonomy":"post_tag","embeddable":true,"href":"https:\/\/www.europesays.com\/pt\/wp-json\/wp\/v2\/tags?post=509510"}],"curies":[{"name":"wp","href":"https:\/\/api.w.org\/{rel}","templated":true}]}}