{"id":509518,"date":"2026-09-02T22:06:09","date_gmt":"2026-09-02T22:06:09","guid":{"rendered":"https:\/\/www.europesays.com\/pt\/509518\/"},"modified":"2026-09-02T22:06:09","modified_gmt":"2026-09-02T22:06:09","slug":"e-um-prazer-estar-aqui-puerta-queria-o-benfica-mas-elogia-o-olympiakos","status":"publish","type":"post","link":"https:\/\/www.europesays.com\/pt\/509518\/","title":{"rendered":"\u00ab\u00c9 um prazer estar aqui\u00bb: Puerta queria o Benfica, mas elogia o Olympiakos"},"content":{"rendered":"<p>Ap\u00f3s o an\u00fancio do <a href=\"https:\/\/maisfutebol.iol.pt\/espanha\/gustavo-puerta\/oficial-gustavo-puerta-afinal-e-mesmo-reforco-do-olympiakos\" rel=\"nofollow noopener\" target=\"_blank\">Racing Santander da transfer\u00eancia de Gustavo Puerta para o Olympiacos,<\/a> na tarde de ter\u00e7a-feira, o emblema grego apresentou esta manh\u00e3 o novo refor\u00e7o.<\/p>\n<p>Tudo acontece alguns dias ap\u00f3s Evangelos Marinakis, dono do clube, ter partilhado que o <a href=\"http:\/\/maisfutebol.iol.pt\/liga-europa\/vangelis-marinakis\/demos-16-milhoes-de-euros-pelo-puerta-mas-ele-quer-ir-para-o-benfica\" rel=\"nofollow noopener\" target=\"_blank\">internacional colombiano desejava seguir carreira no Benfica<\/a>, mesmo tendo o Olympiacos pago a sua cl\u00e1usula.\u00a0<\/p>\n<p>Agora, j\u00e1 com a camisola dos \u00abthrylos\u00bb, o m\u00e9dio, de 23 anos, mostra-se positivo com a mudan\u00e7a para a Gr\u00e9cia.<\/p>\n<p>\u00abPara mim, \u00e9 um prazer vir para um clube t\u00e3o grande como o Olympiacos. Um clube que tem uma hist\u00f3ria grand\u00edssima, cheia de t\u00edtulos, cheia de jogadores que passaram por aqui e tiveram uma carreira incr\u00edvel. \u00c9 um prazer estar aqui\u00bb, disse o jogador, nas primeiras declara\u00e7\u00f5es aos meios do clube.<\/p>\n<p>O clube grego desembolsou 16 milh\u00f5es de euros por Gustavo Puerta, que passa agora a ser a compra mais cara da hist\u00f3ria do Olympiacos, superando o ex-FC Porto Zlatko Zahovic, que na \u00e9poca 1999\/2000 custou 13,5 milh\u00f5es de euros.\u00a0<\/p>\n<p>Consciente do peso hist\u00f3rico do clube, o m\u00e9dio mostra-se motivado para ajudar na conquista de mais t\u00edtulos.<\/p>\n<p>\u00abDa minha parte, darei sempre o meu melhor para que [os adeptos] fiquem satisfeitos. A minha mentalidade sempre foi a de vencer, n\u00e3o gosto de perder em nada. Venho para aqui para continuar a vencer, para continuar a ajudar a equipa a alcan\u00e7ar tudo o que pretendem\u00bb, referiu.<\/p>\n<blockquote class=\"twitter-tweet\" data-media-max-width=\"560\">\n<p lang=\"it\">\ud83d\udd34\u26aa A new lion has arrived in Olympiacos!<\/p>\n<p>\ud835\udc6e\ud835\udc96\ud835\udc94\ud835\udc95\ud835\udc82\ud835\udc97\ud835\udc90 \ud835\udc77\ud835\udc96\ud835\udc86\ud835\udc93\ud835\udc95\ud835\udc82 <a href=\"https:\/\/t.co\/bygXoZ740a\" rel=\"nofollow\">pic.twitter.com\/bygXoZ740a<\/a><\/p>\n<p> \u2014 Olympiacos FC (@olympiacosfc)<br \/>\n  <a href=\"https:\/\/x.com\/olympiacosfc\/status\/2095066107639918940?ref_src=twsrc%5Etfw\" rel=\"nofollow\">September 2, 2026<\/a>\n <\/p><\/blockquote>\n<p>                                <script async src=\"https:\/\/platform.twitter.com\/widgets.js\" charset=\"utf-8\"><\/script><\/p>\n","protected":false},"excerpt":{"rendered":"Ap\u00f3s o an\u00fancio do Racing Santander da transfer\u00eancia de Gustavo Puerta para o Olympiacos, na tarde de ter\u00e7a-feira,&hellip;\n","protected":false},"author":2,"featured_media":509519,"comment_status":"","ping_status":"","sticky":false,"template":"","format":"standard","meta":{"footnotes":"","_share_on_mastodon":"0"},"categories":[87],"tags":[51,135,4234,40753,82,46,40,42,41,729,14822,32,33,47,134,35],"class_list":["post-509518","post","type-post","status-publish","format-standard","has-post-thumbnail","category-desporto","tag-benfica","tag-desporto","tag-grecia","tag-gustavo-puerta","tag-internacional","tag-maisfutebol","tag-maistransferencias","tag-mercado","tag-mercado-de-transferencias","tag-oficial","tag-olympiacos","tag-portugal","tag-pt","tag-pura-paixao","tag-sports","tag-transferencias"],"share_on_mastodon":{"url":"https:\/\/pubeurope.com\/@pt\/117203723241159948","error":""},"_links":{"self":[{"href":"https:\/\/www.europesays.com\/pt\/wp-json\/wp\/v2\/posts\/509518","targetHints":{"allow":["GET"]}}],"collection":[{"href":"https:\/\/www.europesays.com\/pt\/wp-json\/wp\/v2\/posts"}],"about":[{"href":"https:\/\/www.europesays.com\/pt\/wp-json\/wp\/v2\/types\/post"}],"author":[{"embeddable":true,"href":"https:\/\/www.europesays.com\/pt\/wp-json\/wp\/v2\/users\/2"}],"replies":[{"embeddable":true,"href":"https:\/\/www.europesays.com\/pt\/wp-json\/wp\/v2\/comments?post=509518"}],"version-history":[{"count":0,"href":"https:\/\/www.europesays.com\/pt\/wp-json\/wp\/v2\/posts\/509518\/revisions"}],"wp:featuredmedia":[{"embeddable":true,"href":"https:\/\/www.europesays.com\/pt\/wp-json\/wp\/v2\/media\/509519"}],"wp:attachment":[{"href":"https:\/\/www.europesays.com\/pt\/wp-json\/wp\/v2\/media?parent=509518"}],"wp:term":[{"taxonomy":"category","embeddable":true,"href":"https:\/\/www.europesays.com\/pt\/wp-json\/wp\/v2\/categories?post=509518"},{"taxonomy":"post_tag","embeddable":true,"href":"https:\/\/www.europesays.com\/pt\/wp-json\/wp\/v2\/tags?post=509518"}],"curies":[{"name":"wp","href":"https:\/\/api.w.org\/{rel}","templated":true}]}}