{"id":509530,"date":"2026-09-02T22:13:14","date_gmt":"2026-09-02T22:13:14","guid":{"rendered":"https:\/\/www.europesays.com\/pt\/509530\/"},"modified":"2026-09-02T22:13:14","modified_gmt":"2026-09-02T22:13:14","slug":"oficial-sporting-contrata-ex-benfica-para-a-equipa-feminina","status":"publish","type":"post","link":"https:\/\/www.europesays.com\/pt\/509530\/","title":{"rendered":"OFICIAL: Sporting contrata ex-Benfica para a equipa feminina"},"content":{"rendered":"<p>O Sporting anunciou, esta quarta-feira, a contrata\u00e7\u00e3o de Beatriz Cameir\u00e3o, que assina contrato v\u00e1lido at\u00e9 2029. A m\u00e9dia, recorde-se, estava sem clube depois de ter rescindido com o Benfica a 27 de agosto.<\/p>\n<p>Em declara\u00e7\u00f5es aos meios de comunica\u00e7\u00e3o leoninos, a jogadora, de 25 anos, deixou rasgados elogios \u00e0 dire\u00e7\u00e3o, destacando que se sentiu \u00abvalorizada\u00bb.<\/p>\n<p>\u00abSinto-me muito feliz por estar aqui. O interesse do Sporting CP surgiu e tornou-se realidade. Senti que a equipa t\u00e9cnica me valoriza, que me queria aqui e s\u00f3 posso agradecer por isso, tamb\u00e9m \u00e0 B\u00e1rbara, a directora, porque sei que fez um grande esfor\u00e7o para que eu viesse. Por isso, estou muito contente de estar no Sporting CP e aquilo que prometo \u00e9 que vou dar o meu melhor por esta camisola\u00bb, disse.<\/p>\n<p>Na temporada passada, Beatriz Cameir\u00e3o apontou dois golos e duas assist\u00eancias em 27 jogos ao servi\u00e7o do Benfica, clube que representou seis \u00e9pocas, de 2018 a 2022 e de 2024 a 2026.<\/p>\n<p><strong>LEIA MAIS:\u00a0<a href=\"https:\/\/maisfutebol.iol.pt\/cronologia\/6373897a0cf2254fb2824fe4\" target=\"_blank\" wbo-id=\"183\" rel=\"nofollow noopener\">tudo sobre o mercado de transfer\u00eancias<\/a><\/strong><\/p>\n","protected":false},"excerpt":{"rendered":"O Sporting anunciou, esta quarta-feira, a contrata\u00e7\u00e3o de Beatriz Cameir\u00e3o, que assina contrato v\u00e1lido at\u00e9 2029. A m\u00e9dia,&hellip;\n","protected":false},"author":2,"featured_media":509531,"comment_status":"","ping_status":"","sticky":false,"template":"","format":"standard","meta":{"footnotes":"","_share_on_mastodon":"0"},"categories":[8],"tags":[69343,51,27,28,15,16,6289,524,14,25,26,21,22,46,40,42,41,12,13,19,20,32,23,24,33,47,34,17,18,35,29,30,31],"class_list":["post-509530","post","type-post","status-publish","format-standard","has-post-thumbnail","category-principais-noticias","tag-beatriz-cameirao","tag-benfica","tag-breaking-news","tag-breakingnews","tag-featured-news","tag-featurednews","tag-feminino","tag-futebol","tag-headlines","tag-latest-news","tag-latestnews","tag-main-news","tag-mainnews","tag-maisfutebol","tag-maistransferencias","tag-mercado","tag-mercado-de-transferencias","tag-news","tag-noticias","tag-noticias-principais","tag-noticiasprincipais","tag-portugal","tag-principais-noticias","tag-principaisnoticias","tag-pt","tag-pura-paixao","tag-sporting","tag-top-stories","tag-topstories","tag-transferencias","tag-ultimas","tag-ultimas-noticias","tag-ultimasnoticias"],"share_on_mastodon":{"url":"","error":"Validation failed: Text character limit of 500 exceeded"},"_links":{"self":[{"href":"https:\/\/www.europesays.com\/pt\/wp-json\/wp\/v2\/posts\/509530","targetHints":{"allow":["GET"]}}],"collection":[{"href":"https:\/\/www.europesays.com\/pt\/wp-json\/wp\/v2\/posts"}],"about":[{"href":"https:\/\/www.europesays.com\/pt\/wp-json\/wp\/v2\/types\/post"}],"author":[{"embeddable":true,"href":"https:\/\/www.europesays.com\/pt\/wp-json\/wp\/v2\/users\/2"}],"replies":[{"embeddable":true,"href":"https:\/\/www.europesays.com\/pt\/wp-json\/wp\/v2\/comments?post=509530"}],"version-history":[{"count":0,"href":"https:\/\/www.europesays.com\/pt\/wp-json\/wp\/v2\/posts\/509530\/revisions"}],"wp:featuredmedia":[{"embeddable":true,"href":"https:\/\/www.europesays.com\/pt\/wp-json\/wp\/v2\/media\/509531"}],"wp:attachment":[{"href":"https:\/\/www.europesays.com\/pt\/wp-json\/wp\/v2\/media?parent=509530"}],"wp:term":[{"taxonomy":"category","embeddable":true,"href":"https:\/\/www.europesays.com\/pt\/wp-json\/wp\/v2\/categories?post=509530"},{"taxonomy":"post_tag","embeddable":true,"href":"https:\/\/www.europesays.com\/pt\/wp-json\/wp\/v2\/tags?post=509530"}],"curies":[{"name":"wp","href":"https:\/\/api.w.org\/{rel}","templated":true}]}}