{"id":509542,"date":"2026-09-02T22:26:12","date_gmt":"2026-09-02T22:26:12","guid":{"rendered":"https:\/\/www.europesays.com\/pt\/509542\/"},"modified":"2026-09-02T22:26:12","modified_gmt":"2026-09-02T22:26:12","slug":"sbu-e-gur-andaram-aos-tiros-em-kiev-por-causa-de-um-russo-equipa-alfa-dos-servicos-secretos-deteve-varios-militares","status":"publish","type":"post","link":"https:\/\/www.europesays.com\/pt\/509542\/","title":{"rendered":"SBU e GUR andaram aos tiros em Kiev por causa de um russo. Equipa Alfa dos servi\u00e7os secretos deteve v\u00e1rios militares"},"content":{"rendered":"<p>                O Servi\u00e7o de Seguran\u00e7a da Ucr\u00e2nia explica que tudo aconteceu quando realizavam uma busca no \u00e2mbito de uma opera\u00e7\u00e3o destinada a impedir um ataque terrorista do Servi\u00e7o Federal de Seguran\u00e7a russo<\/p>\n<p>V\u00e1rias pessoas ficaram feridas esta quarta-feira em Kiev, num confronto armado entre agentes do Servi\u00e7o de Seguran\u00e7a da Ucr\u00e2nia (SBU) que participavam numa busca e militares do Ex\u00e9rcito ucraniano que tentaram impedi-los de avan\u00e7ar, explicou o SBU num comunicado.<\/p>\n<p>O Ukrainska Pravda e v\u00e1rios canais ucranianos no Telegram tinham noticiado um tiroteio entre agentes do servi\u00e7o de informa\u00e7\u00f5es militares da Ucr\u00e2nia\u00a0(GUR) e elementos do Servi\u00e7o de Seguran\u00e7a da Ucr\u00e2nia (SBU), num confronto que ter\u00e1 ocorrido na sequ\u00eancia do recente desaparecimento de um dos l\u00edderes da principal forma\u00e7\u00e3o de volunt\u00e1rios russos que combate ao lado do GUR.<\/p>\n<p>O SBU afirma no seu comunicado que os agentes, pertencentes \u00e0 unidade de opera\u00e7\u00f5es especiais Alfa deste servi\u00e7o secreto ucraniano, realizavam a busca no \u00e2mbito de uma opera\u00e7\u00e3o destinada a impedir um ataque terrorista do Servi\u00e7o Federal de Seguran\u00e7a russo (FSB).<\/p>\n<p>Os militares que se confrontaram com os agentes do SBU foram desarmados e detidos, segundo a nota do SBU, que reconhece que os membros do grupo Alfa se viram obrigados a utilizar as suas armas.<\/p>\n<blockquote class=\"twitter-tweet\">\n<p lang=\"uk\">\u041a\u0430\u0434\u0440\u0438 \u043a\u0443\u043b\u044c\u043c\u0456\u043d\u0430\u0446\u0456\u0457 \u043a\u043e\u043d\u0444\u043b\u0456\u043a\u0442\u0443 \u043c\u0456\u0436 \u0441\u043f\u0456\u0432\u0440\u043e\u0431\u0456\u0442\u043d\u0438\u043a\u0430\u043c\u0438 \u0421\u0411\u0423 \u0442\u0430 \u0413\u0423\u0420<\/p>\n<p>\u041d\u0430 \u0432\u0456\u0434\u0435\u043e \u0432\u0438\u0434\u043d\u043e, \u044f\u043a \u0441\u0442\u043e\u0440\u043e\u043d\u0438 \u0441\u043f\u0435\u0440\u0435\u0447\u0430\u044e\u0442\u044c\u0441\u044f \u043d\u0430 \u043f\u0456\u0434\u0432\u0438\u0449\u0435\u043d\u0438\u0445 \u0442\u043e\u043d\u0430\u0445. \u0417\u0433\u043e\u0434\u043e\u043c \u043b\u0443\u043d\u0430\u0454 \u043f\u043e\u0441\u0442\u0440\u0456\u043b, \u043f\u0456\u0441\u043b\u044f \u0447\u043e\u0433\u043e \u0431\u0456\u0439\u0446\u0456 \u00ab\u0410\u043b\u044c\u0444\u0438\u00bb \u0432\u0456\u0434\u043a\u0440\u0438\u0432\u0430\u044e\u0442\u044c \u0432\u043e\u0433\u043e\u043d\u044c \u043f\u043e \u0440\u043e\u0437\u0432\u0456\u0434\u043d\u0438\u043a\u0430\u0445.<\/p>\n<p>\u0425\u0442\u043e \u0441\u0430\u043c\u0435 \u0441\u0442\u0440\u0456\u043b\u044f\u0432 \u043f\u0435\u0440\u0448\u0438\u043c &#8211; \u0437\u0430 \u0446\u0438\u043c\u0438 \u043a\u0430\u0434\u0440\u0430\u043c\u0438 \u0432\u0441\u0442\u0430\u043d\u043e\u0432\u0438\u0442\u0438 \u043d\u0435 \u0432\u0434\u0430\u043b\u043e\u0441\u044f.<\/p>\n<p>\u0423\u043d\u0430\u0441\u043b\u0456\u0434\u043e\u043a\u2026 <a href=\"https:\/\/t.co\/YVIhbcNGbE\" rel=\"nofollow\">pic.twitter.com\/YVIhbcNGbE<\/a><\/p>\n<p> \u2014 \u041a\u0438\u0457\u0432 \u041e\u043f\u0435\u0440\u0430\u0442\u0438\u0432\u043d\u0438\u0439 (@KyivOperativ) <a href=\"https:\/\/x.com\/KyivOperativ\/status\/2095228976398491952?ref_src=twsrc%5Etfw\" rel=\"nofollow\">September 2, 2026<\/a>\n<\/p><\/blockquote>\n<p>O SBU e a procuradoria iniciaram uma investiga\u00e7\u00e3o por um poss\u00edvel crime de amea\u00e7as e tentativa de homic\u00eddio contra uma agente das for\u00e7as de seguran\u00e7a, segundo o servi\u00e7o secreto.<\/p>\n<p>O incidente ter\u00e1 ocorrido esta madrugada em frente \u00e0 resid\u00eancia do militar alegadamente raptado, o subcomandante do Corpo de Volunt\u00e1rios Russos, Step\u00e1n Kaplunov.<\/p>\n<p>Uma fonte an\u00f3nima citada pela Ukrainska Pravda afirmou que houve tr\u00eas feridos durante a troca de tiros, todos pertencentes ao GUR.<\/p>\n<p>Os disparos podem ser ouvidos em plena escurid\u00e3o da noite em v\u00eddeos publicados por canais ucranianos no Telegram.<\/p>\n<p>Num outro v\u00eddeo, \u00e9 poss\u00edvel ver pelo menos uma pessoa a receber assist\u00eancia no ch\u00e3o, quando j\u00e1 era de dia.<\/p>\n<p>Segundo \u00e9 relatado num v\u00eddeo gravado no local do incidente pelo advogado de Kaplunov, Tar\u00e1s Vorovski, um grupo de agentes da unidade de opera\u00e7\u00f5es especiais Alfa do SBU chegou durante a noite \u00e0 resid\u00eancia de Kaplunov, em Kiev, com a alegada inten\u00e7\u00e3o de colocar provas incriminat\u00f3rias no local.<\/p>\n<p>Vorovski mostra no v\u00eddeo &#8220;camaradas&#8221; de Kaplunov vestidos \u00e0 civil e explica que se deslocaram ao local depois de terem sido avisados da presen\u00e7a dos agentes do SBU.<\/p>\n<p>O advogado de Kaplunov critica, no v\u00eddeo, os agentes armados do SBU por terem comparecido na resid\u00eancia do seu cliente sem o informarem enquanto advogado.<\/p>\n<p>Vorovski explica que Kaplunov foi &#8220;raptado&#8221; a 23 de agosto da sua resid\u00eancia por &#8220;desconhecidos que hoje se deram a conhecer&#8221;.<\/p>\n<p>Num primeiro comunicado divulgado esta manh\u00e3 pelo SBU, o servi\u00e7o secreto ucraniano afirmava ter frustrado, juntamente com o GUR, um &#8220;ataque terrorista&#8221; dos servi\u00e7os secretos russos contra &#8220;um dos l\u00edderes do movimento nacionalista da oposi\u00e7\u00e3o russa que chegou \u00e0 Ucr\u00e2nia por ocasi\u00e3o do Dia da Independ\u00eancia&#8221;, a 24 de agosto.<\/p>\n<p>O &#8220;rapto&#8221; de Kaplunov foi denunciado pelo seu advogado.<\/p>\n<p>                <script async src=\"https:\/\/platform.twitter.com\/widgets.js\" charset=\"utf-8\"><\/script><\/p>\n","protected":false},"excerpt":{"rendered":"O Servi\u00e7o de Seguran\u00e7a da Ucr\u00e2nia explica que tudo aconteceu quando realizavam uma busca no \u00e2mbito de uma&hellip;\n","protected":false},"author":2,"featured_media":509543,"comment_status":"","ping_status":"","sticky":false,"template":"","format":"standard","meta":{"footnotes":"","_share_on_mastodon":"0"},"categories":[50],"tags":[609,836,611,27,28,607,608,333,832,604,135,610,476,15,16,57769,301,830,5528,41633,14,603,25,26,570,21,22,831,833,62,834,12,13,19,20,835,602,52,32,23,24,839,35603,17,18,840,29,30,31,63,64,65],"class_list":["post-509542","post","type-post","status-publish","format-standard","has-post-thumbnail","category-mundo","tag-alerta","tag-analise","tag-ao-minuto","tag-breaking-news","tag-breakingnews","tag-cnn","tag-cnn-portugal","tag-comentadores","tag-costa","tag-crime","tag-desporto","tag-direto","tag-economia","tag-featured-news","tag-featurednews","tag-fsb","tag-governo","tag-guerra","tag-guerra-ucrania","tag-gur","tag-headlines","tag-justica","tag-latest-news","tag-latestnews","tag-live","tag-main-news","tag-mainnews","tag-mais-vistas","tag-marcelo","tag-mundo","tag-negocios","tag-news","tag-noticias","tag-noticias-principais","tag-noticiasprincipais","tag-opiniao","tag-pais","tag-politica","tag-portugal","tag-principais-noticias","tag-principaisnoticias","tag-russia","tag-sbu","tag-top-stories","tag-topstories","tag-ucrania","tag-ultimas","tag-ultimas-noticias","tag-ultimasnoticias","tag-world","tag-world-news","tag-worldnews"],"share_on_mastodon":{"url":"","error":"Validation failed: Text character limit of 500 exceeded"},"_links":{"self":[{"href":"https:\/\/www.europesays.com\/pt\/wp-json\/wp\/v2\/posts\/509542","targetHints":{"allow":["GET"]}}],"collection":[{"href":"https:\/\/www.europesays.com\/pt\/wp-json\/wp\/v2\/posts"}],"about":[{"href":"https:\/\/www.europesays.com\/pt\/wp-json\/wp\/v2\/types\/post"}],"author":[{"embeddable":true,"href":"https:\/\/www.europesays.com\/pt\/wp-json\/wp\/v2\/users\/2"}],"replies":[{"embeddable":true,"href":"https:\/\/www.europesays.com\/pt\/wp-json\/wp\/v2\/comments?post=509542"}],"version-history":[{"count":0,"href":"https:\/\/www.europesays.com\/pt\/wp-json\/wp\/v2\/posts\/509542\/revisions"}],"wp:featuredmedia":[{"embeddable":true,"href":"https:\/\/www.europesays.com\/pt\/wp-json\/wp\/v2\/media\/509543"}],"wp:attachment":[{"href":"https:\/\/www.europesays.com\/pt\/wp-json\/wp\/v2\/media?parent=509542"}],"wp:term":[{"taxonomy":"category","embeddable":true,"href":"https:\/\/www.europesays.com\/pt\/wp-json\/wp\/v2\/categories?post=509542"},{"taxonomy":"post_tag","embeddable":true,"href":"https:\/\/www.europesays.com\/pt\/wp-json\/wp\/v2\/tags?post=509542"}],"curies":[{"name":"wp","href":"https:\/\/api.w.org\/{rel}","templated":true}]}}