{"id":509554,"date":"2026-09-02T22:37:09","date_gmt":"2026-09-02T22:37:09","guid":{"rendered":"https:\/\/www.europesays.com\/pt\/509554\/"},"modified":"2026-09-02T22:37:09","modified_gmt":"2026-09-02T22:37:09","slug":"ines-morais-no-bb-all-stars-mensagem-enigmatica-de-joao-ricardo-da-que-falar-big-brother-verao-2026-ultimas-noticias-videos-e-diretos","status":"publish","type":"post","link":"https:\/\/www.europesays.com\/pt\/509554\/","title":{"rendered":"In\u00eas Morais no BB All Stars? Mensagem enigm\u00e1tica de Jo\u00e3o Ricardo d\u00e1 que falar &#8211; Big Brother Ver\u00e3o 2026: \u00daltimas Not\u00edcias, V\u00eddeos e Diretos"},"content":{"rendered":"<p>A contagem decrescente para a estreia do\u00a0BB All Stars\u00a0j\u00e1 come\u00e7ou e, com ela, aumentam tamb\u00e9m as especula\u00e7\u00f5es em torno dos nomes que poder\u00e3o fazer parte desta edi\u00e7\u00e3o especial. Desta vez, foi <a target=\"_self\" rel=\"noopener noreferrer nofollow\" href=\"https:\/\/tvi.iol.pt\/bigbrother\/joao-ricardo\/17-08-2026\/a-lista-de-joao-ricardo-para-o-bb-all-stars-estava-completa-ate-se-lembrar-de-marcia-soares-pode-ser-que-ela-fique-chateada?_gl=1*3a91us*_up*MQ..*_ga*MTAwOTU3MDkzNS4xNzg4MzY0OTM2*_ga_F2JC3V5NZ2*czE3ODgzNjQ5MzUkbzEkZzAkdDE3ODgzNjQ5MzUkajYwJGwwJGgxMzU2MDk5OTQy*_ga_KWPC3NPF0M*czE3ODgzNjQ5MzUkbzEkZzAkdDE3ODgzNjQ5MzUkajYwJGwwJGg2MDE3NDg5NDc.\"><strong>Jo\u00e3o Ricardo<\/strong> quem deu azo a uma nova onda de rumores<\/a>, depois de fazer uma publica\u00e7\u00e3o sobre In\u00eas Morais.<\/p>\n<p>O ex-concorrente do\u00a0Secret Story\u00a0recorreu aos stories do Instagram para partilhar uma fotografia de In\u00eas Morais, acompanhada de uma mensagem que rapidamente chamou a aten\u00e7\u00e3o:\u00a0<strong>\u201cE a tri-campe\u00e3\u201d<\/strong>.<\/p>\n<p>A express\u00e3o n\u00e3o passou despercebida. Ao chamar \u201ctri-campe\u00e3\u201d a In\u00eas Morais, Jo\u00e3o Ricardo pareceu antecipar uma poss\u00edvel terceira vit\u00f3ria da jovem num reality show \u2014 algo que, naturalmente,<a target=\"_self\" rel=\"noopener noreferrer nofollow\" href=\"https:\/\/tvi.iol.pt\/bigbrother\/luis-nascimento\/ines-morais\/um-feito-ao-alcance-de-poucos-estes-sao-os-unicos-bicampeoes-dos-reality-shows-em-portugal-conheca-o-percurso-de-cada-um\"> levantou a quest\u00e3o sobre uma eventual presen\u00e7a no\u00a0BB All Stars<\/a>.<\/p>\n<p>Mas a publica\u00e7\u00e3o durou pouco tempo tal como estava.<\/p>\n<p>Pouco depois, Jo\u00e3o Ricardo voltou \u00e0s redes sociais para corrigir a express\u00e3o e <a target=\"_self\" rel=\"noopener noreferrer nofollow\" href=\"https:\/\/tvi.iol.pt\/bigbrother\/joana-d-albuquerque\/ines-morais\/ines-morais-surge-ao-lado-de-ex-concorrente-que-fez-historia-e-leva-fas-a-loucura\">alterou \u201ctri-campe\u00e3\u201d para\u00a0<strong>\u201cbi-campe\u00e3\u201d<\/strong>.<\/a> A acompanhar a corre\u00e7\u00e3o, deixou ainda uma frase que veio tornar a situa\u00e7\u00e3o ainda mais curiosa:\u00a0<strong>\u201cDesculpem, a minha vontade falou mais alto.\u201d<\/strong><\/p>\n<p>A explica\u00e7\u00e3o acabou por deixar espa\u00e7o para interpreta\u00e7\u00f5es. Ter\u00e1 sido apenas uma brincadeira de Jo\u00e3o Ricardo ou a frase inicial refletia aquilo que gostaria de ver acontecer no programa? A verdade \u00e9 que o ex-concorrente n\u00e3o esclareceu o motivo que o levou a falar inicialmente numa \u201ctri-campe\u00e3\u201d.<\/p>\n<p>In\u00eas Morais \u00e9, naturalmente, um nome que desperta interesse entre os f\u00e3s dos reality shows e, perante uma publica\u00e7\u00e3o t\u00e3o espec\u00edfica e uma posterior corre\u00e7\u00e3o, a possibilidade da jovem estar associada \u00e0 nova edi\u00e7\u00e3o n\u00e3o deixa de ser tema de conversa.<\/p>\n<p><a target=\"_self\" rel=\"noopener noreferrer nofollow\" href=\"https:\/\/tvi.iol.pt\/bigbrother\/big-brother-all-stars\/setembro\/vem-ai-o-novo-reality-show-da-tvi-isto-e-tudo-o-que-ja-se-sabe\">O\u00a0BB All Stars\u00a0estreia a\u00a0<strong>6 de setembro de 2026<\/strong>\u00a0e promete reunir algumas das figuras mais marcantes dos reality shows portugueses.<\/a> At\u00e9 l\u00e1, as redes sociais continuam a ser terreno f\u00e9rtil para pistas, rumores e interpreta\u00e7\u00f5es \u2014 e a publica\u00e7\u00e3o de Jo\u00e3o Ricardo \u00e9 mais um epis\u00f3dio a juntar \u00e0 equa\u00e7\u00e3o.<\/p>\n<p>Resta agora perceber se as palavras do ex-concorrente n\u00e3o passaram de uma manifesta\u00e7\u00e3o de desejo ou se haver\u00e1 algo mais por detr\u00e1s do enigm\u00e1tico \u201ctri-campe\u00e3\u201d. Para j\u00e1, Jo\u00e3o Ricardo corrigiu a frase. Mas a primeira vers\u00e3o j\u00e1 tinha ficado registada \u2014 e deixou uma pergunta no ar:\u00a0<strong>poder\u00e1 In\u00eas Morais estar prestes a regressar \u00e0 casa mais vigiada do pa\u00eds?<\/strong><\/p>\n","protected":false},"excerpt":{"rendered":"A contagem decrescente para a estreia do\u00a0BB All Stars\u00a0j\u00e1 come\u00e7ou e, com ela, aumentam tamb\u00e9m as especula\u00e7\u00f5es em&hellip;\n","protected":false},"author":2,"featured_media":509555,"comment_status":"","ping_status":"","sticky":false,"template":"","format":"standard","meta":{"footnotes":"","_share_on_mastodon":"0"},"categories":[85],"tags":[76231,331,48,333,328,335,336,114,115,334,332,330,6520,1829,338,13,32,33,162,227],"class_list":["post-509554","post","type-post","status-publish","format-standard","has-post-thumbnail","category-entretenimento","tag-bb-all-stars","tag-big","tag-big-brother","tag-comentadores","tag-concorrentes","tag-confrontos","tag-discussoes","tag-entertainment","tag-entretenimento","tag-exclusivos","tag-expulso","tag-gala","tag-ines-morais","tag-joao-ricardo","tag-maria-botelho-moniz","tag-noticias","tag-portugal","tag-pt","tag-tvi","tag-videos"],"share_on_mastodon":{"url":"","error":""},"_links":{"self":[{"href":"https:\/\/www.europesays.com\/pt\/wp-json\/wp\/v2\/posts\/509554","targetHints":{"allow":["GET"]}}],"collection":[{"href":"https:\/\/www.europesays.com\/pt\/wp-json\/wp\/v2\/posts"}],"about":[{"href":"https:\/\/www.europesays.com\/pt\/wp-json\/wp\/v2\/types\/post"}],"author":[{"embeddable":true,"href":"https:\/\/www.europesays.com\/pt\/wp-json\/wp\/v2\/users\/2"}],"replies":[{"embeddable":true,"href":"https:\/\/www.europesays.com\/pt\/wp-json\/wp\/v2\/comments?post=509554"}],"version-history":[{"count":0,"href":"https:\/\/www.europesays.com\/pt\/wp-json\/wp\/v2\/posts\/509554\/revisions"}],"wp:featuredmedia":[{"embeddable":true,"href":"https:\/\/www.europesays.com\/pt\/wp-json\/wp\/v2\/media\/509555"}],"wp:attachment":[{"href":"https:\/\/www.europesays.com\/pt\/wp-json\/wp\/v2\/media?parent=509554"}],"wp:term":[{"taxonomy":"category","embeddable":true,"href":"https:\/\/www.europesays.com\/pt\/wp-json\/wp\/v2\/categories?post=509554"},{"taxonomy":"post_tag","embeddable":true,"href":"https:\/\/www.europesays.com\/pt\/wp-json\/wp\/v2\/tags?post=509554"}],"curies":[{"name":"wp","href":"https:\/\/api.w.org\/{rel}","templated":true}]}}