{"id":5096,"date":"2025-07-28T09:47:10","date_gmt":"2025-07-28T09:47:10","guid":{"rendered":"https:\/\/www.europesays.com\/pt\/5096\/"},"modified":"2025-07-28T09:47:10","modified_gmt":"2025-07-28T09:47:10","slug":"russia-reduz-celebracoes-da-marinha-por-seguranca","status":"publish","type":"post","link":"https:\/\/www.europesays.com\/pt\/5096\/","title":{"rendered":"R\u00fassia Reduz Celebra\u00e7\u00f5es da Marinha por Seguran\u00e7a"},"content":{"rendered":"<p>As autoridades russas cancelaram os tradicionais desfiles navais em v\u00e1rias cidades do pa\u00eds durante o Dia da Marinha, citando raz\u00f5es de seguran\u00e7a, numa altura em que a Ucr\u00e2nia intensifica os ataques com drones em territ\u00f3rio russo.<\/p>\n<p>Os desfiles de navios de guerra foram anulados em S\u00e3o Petersburgo, na regi\u00e3o de Kaliningrado, no B\u00e1ltico, e no porto de Vladivostok, no extremo oriente do pa\u00eds, locais onde estas celebra\u00e7\u00f5es costumam ter lugar anualmente, informa a ag\u00eancia Associated Press.<\/p>\n<p><strong>O porta-voz do Kremlin, Dmitry Peskov, justificou a decis\u00e3o com \u201cmotivos de seguran\u00e7a\u201d, frisando que \u201ca situa\u00e7\u00e3o atual exige precau\u00e7\u00f5es extraordin\u00e1rias\u201d.<\/strong><\/p>\n<p>Apesar do cancelamento, o Presidente Vladimir Putin deslocou-se a S\u00e3o Petersburgo, onde visitou o edif\u00edcio hist\u00f3rico do Almirantado e recebeu relat\u00f3rios sobre o exerc\u00edcio naval \u201cTempestade de Julho\u201d, que mobilizou 150 navios de guerra em \u00e1guas internacionais, do B\u00e1ltico ao Pac\u00edfico. Putin prometeu refor\u00e7ar a constru\u00e7\u00e3o naval e aumentar a capacidade de combate da Marinha, assegurando que \u201co poder ofensivo atingir\u00e1 um novo patamar qualitativo\u201d.<\/p>\n<p>Durante o fim de semana, a R\u00fassia afirmou ter abatido 99 drones ucranianos em v\u00e1rias regi\u00f5es. V\u00e1rios aparelhos foram tamb\u00e9m intercetados nas imedia\u00e7\u00f5es de S\u00e3o Petersburgo. Fragmentos de um dos drones feriram uma mulher na zona de Lomonosov, segundo autoridades locais.<\/p>\n<p><strong>O aeroporto de Pulkovo, em S\u00e3o Petersburgo, suspendeu dezenas de voos na manh\u00e3 de domingo devido \u00e0 amea\u00e7a de drones.<\/strong><\/p>\n<p>A redu\u00e7\u00e3o das comemora\u00e7\u00f5es reflete a crescente preocupa\u00e7\u00e3o de Moscovo com os ataques ucranianos, que j\u00e1 causaram danos significativos \u00e0 frota russa no Mar Negro e a bases a\u00e9reas em todo o territ\u00f3rio, incluindo numa ousada opera\u00e7\u00e3o no in\u00edcio de junho que visou bombardeiros estrat\u00e9gicos.<\/p>\n<p>Entretanto, a R\u00fassia prosseguiu os ataques a\u00e9reos na Ucr\u00e2nia. Em Sumy, no nordeste do pa\u00eds, um ataque com drones feriu tr\u00eas pessoas e danificou edif\u00edcios civis e administrativos. Dois homens morreram ap\u00f3s a explos\u00e3o de uma mina terrestre noutra zona da regi\u00e3o, e uma mulher ficou ferida noutro ataque com drone.<\/p>\n","protected":false},"excerpt":{"rendered":"As autoridades russas cancelaram os tradicionais desfiles navais em v\u00e1rias cidades do pa\u00eds durante o Dia da Marinha,&hellip;\n","protected":false},"author":2,"featured_media":5097,"comment_status":"","ping_status":"","sticky":false,"template":"","format":"standard","meta":{"footnotes":""},"categories":[50],"tags":[27,28,837,15,16,14,25,26,21,22,62,12,13,19,20,23,24,839,2889,17,18,29,30,31,63,64,65],"class_list":{"0":"post-5096","1":"post","2":"type-post","3":"status-publish","4":"format-standard","5":"has-post-thumbnail","7":"category-mundo","8":"tag-breaking-news","9":"tag-breakingnews","10":"tag-drones","11":"tag-featured-news","12":"tag-featurednews","13":"tag-headlines","14":"tag-latest-news","15":"tag-latestnews","16":"tag-main-news","17":"tag-mainnews","18":"tag-mundo","19":"tag-news","20":"tag-noticias","21":"tag-noticias-principais","22":"tag-noticiasprincipais","23":"tag-principais-noticias","24":"tag-principaisnoticias","25":"tag-russia","26":"tag-sao-petersburgo","27":"tag-top-stories","28":"tag-topstories","29":"tag-ultimas","30":"tag-ultimas-noticias","31":"tag-ultimasnoticias","32":"tag-world","33":"tag-world-news","34":"tag-worldnews"},"share_on_mastodon":{"url":"","error":""},"_links":{"self":[{"href":"https:\/\/www.europesays.com\/pt\/wp-json\/wp\/v2\/posts\/5096","targetHints":{"allow":["GET"]}}],"collection":[{"href":"https:\/\/www.europesays.com\/pt\/wp-json\/wp\/v2\/posts"}],"about":[{"href":"https:\/\/www.europesays.com\/pt\/wp-json\/wp\/v2\/types\/post"}],"author":[{"embeddable":true,"href":"https:\/\/www.europesays.com\/pt\/wp-json\/wp\/v2\/users\/2"}],"replies":[{"embeddable":true,"href":"https:\/\/www.europesays.com\/pt\/wp-json\/wp\/v2\/comments?post=5096"}],"version-history":[{"count":0,"href":"https:\/\/www.europesays.com\/pt\/wp-json\/wp\/v2\/posts\/5096\/revisions"}],"wp:featuredmedia":[{"embeddable":true,"href":"https:\/\/www.europesays.com\/pt\/wp-json\/wp\/v2\/media\/5097"}],"wp:attachment":[{"href":"https:\/\/www.europesays.com\/pt\/wp-json\/wp\/v2\/media?parent=5096"}],"wp:term":[{"taxonomy":"category","embeddable":true,"href":"https:\/\/www.europesays.com\/pt\/wp-json\/wp\/v2\/categories?post=5096"},{"taxonomy":"post_tag","embeddable":true,"href":"https:\/\/www.europesays.com\/pt\/wp-json\/wp\/v2\/tags?post=5096"}],"curies":[{"name":"wp","href":"https:\/\/api.w.org\/{rel}","templated":true}]}}