{"id":509600,"date":"2026-09-02T23:17:11","date_gmt":"2026-09-02T23:17:11","guid":{"rendered":"https:\/\/www.europesays.com\/pt\/509600\/"},"modified":"2026-09-02T23:17:11","modified_gmt":"2026-09-02T23:17:11","slug":"quem-ama-cuida-equipe-de-novela-reclama-de-horario-tardio-02-09-2026-outro-canal","status":"publish","type":"post","link":"https:\/\/www.europesays.com\/pt\/509600\/","title":{"rendered":"Quem Ama Cuida: equipe de novela reclama de hor\u00e1rio tardio &#8211; 02\/09\/2026 &#8211; Outro Canal"},"content":{"rendered":"<p>\n<strong class=\"c-signature__location\">Aracaju <\/strong>\n<\/p>\n<p>A produ\u00e7\u00e3o da <a href=\"https:\/\/www1.folha.uol.com.br\/folha-topicos\/novela\/\" rel=\"nofollow noopener\" target=\"_blank\">novela<\/a> &#8220;<a href=\"https:\/\/www1.folha.uol.com.br\/folha-topicos\/quem-ama-cuida\/\" rel=\"nofollow noopener\" target=\"_blank\">Quem Ama Cuida<\/a>&#8220;, da <a href=\"https:\/\/www1.folha.uol.com.br\/folha-topicos\/globo\/\" rel=\"nofollow noopener\" target=\"_blank\">Globo<\/a>, fez uma queixa sobre o hor\u00e1rio tardio em que o folhetim tem sido exibido, especialmente nas \u00faltimas duas semanas. Tamb\u00e9m foram repassadas reclama\u00e7\u00f5es de telespectadores nas redes sociais sobre o mesmo assunto.<\/p>\n<p>  <a href=\"https:\/\/f5.folha.uol.com.br\/colunistas\/outro-canal\/\" rel=\"nofollow noopener\" target=\"_blank\"><br \/>\n    <img decoding=\"async\" src=\"https:\/\/www.europesays.com\/pt\/wp-content\/uploads\/2026\/09\/1788391031_739_172599691166e09f6f54fe2_1725996911_1x1_xs.jpg\" alt=\"Foto de Outro Canal\" class=\"img-responsive c-lazyload\"\/><\/p>\n<p>  <\/a><\/p>\n<p class=\"author__description\">\n    Cobre diariamente os bastidores das novelas, do telejornalismo e da m\u00eddia esportiva. Tem como titular o jornalista Gabriel Vaquer\n  <\/p>\n","protected":false},"excerpt":{"rendered":"Aracaju A produ\u00e7\u00e3o da novela &#8220;Quem Ama Cuida&#8220;, da Globo, fez uma queixa sobre o hor\u00e1rio tardio em&hellip;\n","protected":false},"author":2,"featured_media":509601,"comment_status":"","ping_status":"","sticky":false,"template":"","format":"standard","meta":{"footnotes":"","_share_on_mastodon":"0"},"categories":[142],"tags":[219,211,223,114,115,224,225,226,753,221,220,222,2931,32,33,35878,2566,218,228,151,227],"class_list":["post-509600","post","type-post","status-publish","format-standard","has-post-thumbnail","category-tv","tag-bichos","tag-celebridades","tag-colunistas","tag-entertainment","tag-entretenimento","tag-estranho","tag-eu-amo","tag-fofices","tag-globo","tag-horoscopo","tag-humanos","tag-humor","tag-novela","tag-portugal","tag-pt","tag-quem-ama-cuida","tag-televiso","tag-televisao","tag-tudo","tag-tv","tag-videos"],"share_on_mastodon":{"url":"https:\/\/pubeurope.com\/@pt\/117204002929707816","error":""},"_links":{"self":[{"href":"https:\/\/www.europesays.com\/pt\/wp-json\/wp\/v2\/posts\/509600","targetHints":{"allow":["GET"]}}],"collection":[{"href":"https:\/\/www.europesays.com\/pt\/wp-json\/wp\/v2\/posts"}],"about":[{"href":"https:\/\/www.europesays.com\/pt\/wp-json\/wp\/v2\/types\/post"}],"author":[{"embeddable":true,"href":"https:\/\/www.europesays.com\/pt\/wp-json\/wp\/v2\/users\/2"}],"replies":[{"embeddable":true,"href":"https:\/\/www.europesays.com\/pt\/wp-json\/wp\/v2\/comments?post=509600"}],"version-history":[{"count":0,"href":"https:\/\/www.europesays.com\/pt\/wp-json\/wp\/v2\/posts\/509600\/revisions"}],"wp:featuredmedia":[{"embeddable":true,"href":"https:\/\/www.europesays.com\/pt\/wp-json\/wp\/v2\/media\/509601"}],"wp:attachment":[{"href":"https:\/\/www.europesays.com\/pt\/wp-json\/wp\/v2\/media?parent=509600"}],"wp:term":[{"taxonomy":"category","embeddable":true,"href":"https:\/\/www.europesays.com\/pt\/wp-json\/wp\/v2\/categories?post=509600"},{"taxonomy":"post_tag","embeddable":true,"href":"https:\/\/www.europesays.com\/pt\/wp-json\/wp\/v2\/tags?post=509600"}],"curies":[{"name":"wp","href":"https:\/\/api.w.org\/{rel}","templated":true}]}}