{"id":50961,"date":"2025-08-30T01:15:46","date_gmt":"2025-08-30T01:15:46","guid":{"rendered":"https:\/\/www.europesays.com\/pt\/50961\/"},"modified":"2025-08-30T01:15:46","modified_gmt":"2025-08-30T01:15:46","slug":"britanicos-e-qataris-investem-mais-de-150-milhoes-em-escolas-de-elite","status":"publish","type":"post","link":"https:\/\/www.europesays.com\/pt\/50961\/","title":{"rendered":"Brit\u00e2nicos e qataris investem mais de 150 milh\u00f5es em escolas de elite"},"content":{"rendered":"<p>        Dia 1 de setembro abre a primeira escola Artemis Education em Portugal. Fica na capital e custou 75 milh\u00f5es de euros, o mesmo que o Inspired Education leva aplicado no King\u2019s College School Cascais. A Forfar, que fez duas aquisi\u00e7\u00f5es em dois anos, vai investir em benfeitorias.    <\/p>\n<p>John Forsyth rubrica a sua segunda aquisi\u00e7\u00e3o em Portugal. Depois do Col\u00e9gio do Vale, em Almada, no ano passado, uma opera\u00e7\u00e3o que escapou aos holofotes, o brit\u00e2nico que fundou e lidera a Forfar Education, anuncia a compra da Escola Internacional de Torres Vedras (EITV).<\/p>\n<p>Forsyth mant\u00e9m segredo sobre o valor do neg\u00f3cio. Afirma, no entanto, que continuar\u00e1 a investir em todas as \u00e1reas da educa\u00e7\u00e3o nas escolas que possui, enquanto continua a expans\u00e3o em Portugal e l\u00e1 fora.<\/p>\n<p>\u201cPretendemos investir dois a tr\u00eas milh\u00f5es de euros em despesas de capital nas suas escolas portuguesas nos pr\u00f3ximos anos, para apoiar o crescimento da escola e a reten\u00e7\u00e3o das fam\u00edlias\u201d, revela ao JE. O campus de Torres Vedras ser\u00e1 alvo de melhorias, incluindo espa\u00e7os ao ar livre e \u00e1reas de aprendizagem de aventura, seguindo o modelo Forest School, a fim de \u201cpromover a educa\u00e7\u00e3o para a sustentabilidade e o bem-estar dos alunos\u201d.<\/p>\n<p>A integra\u00e7\u00e3o da EITV no grupo Forfar Education prev\u00ea a \u201cexpans\u00e3o curricular, oportunidades de mobilidade internacional, valoriza\u00e7\u00e3o da equipa docente e investimento em infraestruturas\u201d. Nas novidades cabe a introdu\u00e7\u00e3o dos Cambridge A Levels e a op\u00e7\u00e3o de diploma duplo e o refor\u00e7o dos programas de desenvolvimento pessoal Character Strenghts, Junior Dukes e Duke of Edinburgh\u2019s Award.<\/p>\n<p><strong>King\u2019s College School<\/strong><br \/>O sistema educativo brit\u00e2nico tem pergaminhos, sendo a b\u00fassola da maior parte dos col\u00e9gios privados em qualquer lugar do planeta. \u201cN\u00e3o ensinamos apenas as mat\u00e9rias, educamos os jovens. Os alunos aprendem fazendo\u201d, disse, um dia, Sir Roger Fry, que, nos idos de 1969, fundou em Madrid o King\u2019s College School, mais tarde condecorado pela rainha Isabel II pelos servi\u00e7os prestados no estrangeiro.<br \/>A marca King\u2019s College entra em Portugal pela m\u00e3o do novo dono, Inspired Education, h\u00e1 pouco mais de tr\u00eas anos. O grupo, que soma v\u00e1rias aquisi\u00e7\u00f5es e se afirma como o maior investidor estrangeiro na \u00e1rea da educa\u00e7\u00e3o no pa\u00eds, conta j\u00e1 com quatro col\u00e9gios, 5500 alunos e mais de meia centena de professores.<br \/>No King\u2019s College School Cascais, ap\u00f3s obras de vulto, o ano letivo arranca com um campus de sonho e o lan\u00e7amento do programa de internato, fator claramente diferenciador. O investimento na escola atinge 75 milh\u00f5es de euros, revela John Leit\u00e3o, CEO regional do Inspired Education Group para Portugal, Gr\u00e9cia, Let\u00f3nia, Su\u00ed\u00e7a e B\u00e9lgica, ao JE.<\/p>\n<p>O international and very british King\u2019s recebe alunos dos um aos 18 anos e oferece at\u00e9 ao quinto ano a op\u00e7\u00e3o do Bilingual Pathway (programa duplo portugu\u00eas-ingl\u00eas, que integra o curr\u00edculo de Cambridge e o do Minist\u00e9rio da Educa\u00e7\u00e3o). Na Senior School, os alunos seguem o percurso internacional em ingl\u00eas: Cambridge International Curriculum e International Baccalaureate Diploma Programme.<\/p>\n<p><strong>Lisboan International School<\/strong><br \/>Na zona ribeirinha de Alc\u00e2ntara, o antigo complexo fabril de massas d\u2019A Napolitana, projetado no in\u00edcio do s\u00e9culo XX pela dupla de construtores e projetistas franceses Vieillard &amp; Touzet, abre esta segunda-feira, 1 de setembro, como Lisboan International School. \u201cA escola est\u00e1 programada para abrir com 64 alunos, mas crescendo a cada dia\u201d, revela Janet Jacquier, respons\u00e1vel pelas Rela\u00e7\u00f5es com os Pais, ao JE. Para transformar esta refer\u00eancia da arquitetura industrial portuguesa numa escola de topo mundial, o Grupo Artemis Education, sediado no Qatar, com quatro col\u00e9gios no mundo, investiu 75 milh\u00f5es de euros.<\/p>\n<p>\u201cRigor acad\u00e9mico, sustentabilidade e cidadania global\u201d \u00e9 a abordagem pedag\u00f3gica, combinando o curr\u00edculo internacional brit\u00e2nico nos primeiros anos com a progressiva implementa\u00e7\u00e3o do IB, at\u00e9 ao Diploma Programme completo em 2027. O diretor \u00e9 Gudmundur Hegner J\u00f3nsson, que liderou escolas na Noruega e na Coreia do Sul.<\/p>\n<p>\u201cTeremos uma turma para cada s\u00e9rie, incluindo ber\u00e7\u00e1rio e rece\u00e7\u00e3o, e todos os anos at\u00e9 o 10\u00ba ano. Neste primeiro ano s\u00f3 vamos at\u00e9 ao 10.\u00ba ano, adianta Janet Jacquier. Que deixa o compromisso do grupo com o futuro e o pa\u00eds: \u201cN\u00e3o temos um plano imediato para continuar a abrir as escolas em Portugal, mas vamos faz\u00ea-lo a longo prazo\u201d.<br \/>O compromisso, comum \u00e0queles com quem fal\u00e1mos, deixa antever mais do que uma moda.<\/p>\n","protected":false},"excerpt":{"rendered":"Dia 1 de setembro abre a primeira escola Artemis Education em Portugal. Fica na capital e custou 75&hellip;\n","protected":false},"author":2,"featured_media":50962,"comment_status":"","ping_status":"","sticky":false,"template":"","format":"standard","meta":{"footnotes":""},"categories":[50],"tags":[27,28,14870,2859,15,16,14,25,26,21,22,62,12,13,19,20,23,24,8687,713,17,18,29,30,31,63,64,65],"class_list":{"0":"post-50961","1":"post","2":"type-post","3":"status-publish","4":"format-standard","5":"has-post-thumbnail","7":"category-mundo","8":"tag-breaking-news","9":"tag-breakingnews","10":"tag-elite","11":"tag-escolas","12":"tag-featured-news","13":"tag-featurednews","14":"tag-headlines","15":"tag-latest-news","16":"tag-latestnews","17":"tag-main-news","18":"tag-mainnews","19":"tag-mundo","20":"tag-news","21":"tag-noticias","22":"tag-noticias-principais","23":"tag-noticiasprincipais","24":"tag-principais-noticias","25":"tag-principaisnoticias","26":"tag-qatar","27":"tag-reino-unido","28":"tag-top-stories","29":"tag-topstories","30":"tag-ultimas","31":"tag-ultimas-noticias","32":"tag-ultimasnoticias","33":"tag-world","34":"tag-world-news","35":"tag-worldnews"},"share_on_mastodon":{"url":"","error":""},"_links":{"self":[{"href":"https:\/\/www.europesays.com\/pt\/wp-json\/wp\/v2\/posts\/50961","targetHints":{"allow":["GET"]}}],"collection":[{"href":"https:\/\/www.europesays.com\/pt\/wp-json\/wp\/v2\/posts"}],"about":[{"href":"https:\/\/www.europesays.com\/pt\/wp-json\/wp\/v2\/types\/post"}],"author":[{"embeddable":true,"href":"https:\/\/www.europesays.com\/pt\/wp-json\/wp\/v2\/users\/2"}],"replies":[{"embeddable":true,"href":"https:\/\/www.europesays.com\/pt\/wp-json\/wp\/v2\/comments?post=50961"}],"version-history":[{"count":0,"href":"https:\/\/www.europesays.com\/pt\/wp-json\/wp\/v2\/posts\/50961\/revisions"}],"wp:featuredmedia":[{"embeddable":true,"href":"https:\/\/www.europesays.com\/pt\/wp-json\/wp\/v2\/media\/50962"}],"wp:attachment":[{"href":"https:\/\/www.europesays.com\/pt\/wp-json\/wp\/v2\/media?parent=50961"}],"wp:term":[{"taxonomy":"category","embeddable":true,"href":"https:\/\/www.europesays.com\/pt\/wp-json\/wp\/v2\/categories?post=50961"},{"taxonomy":"post_tag","embeddable":true,"href":"https:\/\/www.europesays.com\/pt\/wp-json\/wp\/v2\/tags?post=50961"}],"curies":[{"name":"wp","href":"https:\/\/api.w.org\/{rel}","templated":true}]}}