{"id":50963,"date":"2025-08-30T01:16:19","date_gmt":"2025-08-30T01:16:19","guid":{"rendered":"https:\/\/www.europesays.com\/pt\/50963\/"},"modified":"2025-08-30T01:16:19","modified_gmt":"2025-08-30T01:16:19","slug":"morreu-joaquim-pinto-lopes-o-homem-que-pos-os-portugueses-a-viajar-nit","status":"publish","type":"post","link":"https:\/\/www.europesays.com\/pt\/50963\/","title":{"rendered":"Morreu Joaquim Pinto Lopes, o homem que p\u00f4s os portugueses a viajar \u2014 NiT"},"content":{"rendered":"<p>Joaquim Pinto Lopes, fundador da ag\u00eancia Pinto Lopes Viagens e uma das figuras mais marcantes do turismo portugu\u00eas, morreu aos 80 anos. A not\u00edcia foi anunciada esta quinta-feira, 28 de agosto. As cerim\u00f3nias f\u00fanebres ter\u00e3o lugar esta sexta-feira em Cete, Paredes.<\/p>\n<p>No comunicado oficial da empresa que fundou, Pinto Lopes \u00e9 lembrado por uma \u201cvida dedicada a abrir caminhos pelo mundo e a inspirar gera\u00e7\u00f5es a descobrirem novos horizontes\u201d. \u201c[Estamos] certos de que continuar\u00e1 a viajar connosco, em cada percurso que fizermos pelo mundo. Tal como sempre nos dizia: \u2018Mais mundo houvesse e l\u00e1 chegar\u00edamos\u2018.\u201d<\/p>\n<p>Criada em 1973, a ag\u00eancia especializou-se em viagens culturais, excurs\u00f5es com guias em portugu\u00eas e viagens de autor. Ao longo de mais de cinco d\u00e9cadas, Pinto Lopes organizou expedi\u00e7\u00f5es a mais de 150 pa\u00edses.<\/p>\n<p>\u201c\u00c9 provavelmente o portugu\u00eas com mais d\u00e9cadas de viagens e mais quil\u00f3metros acumulados dos nossos dias\u201d, refere o livro \u201cMais Mundo Houvesse: Vida e Viagens de Joaquim Pinto Lopes\u201d, publicado em 2023 pelo Clube de Autor para assinalar os 50 anos da ag\u00eancia.<\/p>\n<p>O empres\u00e1rio integrava a sexta gera\u00e7\u00e3o de uma fam\u00edlia ligada ao transporte de passageiros. Iniciou excurs\u00f5es ainda no Estado Novo e levou viajantes a conhecer a Europa em rotas de autocarro. O neg\u00f3cio viria depois a expandir-se para outros destinos e meios de transporte.<\/p>\n<p>Na sua biografia, recorda os primeiros tempos: \u201cEst\u00e1vamos j\u00e1 perto da Revolu\u00e7\u00e3o quando me lancei nesta longa aventura. Chamaram-me louco e provavelmente tinham raz\u00e3o. Eram tempos dif\u00edceis, em que a geopol\u00edtica transformava fronteiras em barreiras quase intranspon\u00edveis. Impunha-se um esp\u00edrito aventureiro, de mochilas e tendas, sacos-cama e farn\u00e9is, autocarros com bagagem no tejadilho e sem ar condicionado.\u201d<\/p>\n","protected":false},"excerpt":{"rendered":"Joaquim Pinto Lopes, fundador da ag\u00eancia Pinto Lopes Viagens e uma das figuras mais marcantes do turismo portugu\u00eas,&hellip;\n","protected":false},"author":2,"featured_media":50964,"comment_status":"","ping_status":"","sticky":false,"template":"","format":"standard","meta":{"footnotes":""},"categories":[10],"tags":[27,28,15,16,14,25,26,21,22,12,13,19,20,32,23,24,33,17,18,29,30,31],"class_list":{"0":"post-50963","1":"post","2":"type-post","3":"status-publish","4":"format-standard","5":"has-post-thumbnail","7":"category-portugal","8":"tag-breaking-news","9":"tag-breakingnews","10":"tag-featured-news","11":"tag-featurednews","12":"tag-headlines","13":"tag-latest-news","14":"tag-latestnews","15":"tag-main-news","16":"tag-mainnews","17":"tag-news","18":"tag-noticias","19":"tag-noticias-principais","20":"tag-noticiasprincipais","21":"tag-portugal","22":"tag-principais-noticias","23":"tag-principaisnoticias","24":"tag-pt","25":"tag-top-stories","26":"tag-topstories","27":"tag-ultimas","28":"tag-ultimas-noticias","29":"tag-ultimasnoticias"},"share_on_mastodon":{"url":"","error":""},"_links":{"self":[{"href":"https:\/\/www.europesays.com\/pt\/wp-json\/wp\/v2\/posts\/50963","targetHints":{"allow":["GET"]}}],"collection":[{"href":"https:\/\/www.europesays.com\/pt\/wp-json\/wp\/v2\/posts"}],"about":[{"href":"https:\/\/www.europesays.com\/pt\/wp-json\/wp\/v2\/types\/post"}],"author":[{"embeddable":true,"href":"https:\/\/www.europesays.com\/pt\/wp-json\/wp\/v2\/users\/2"}],"replies":[{"embeddable":true,"href":"https:\/\/www.europesays.com\/pt\/wp-json\/wp\/v2\/comments?post=50963"}],"version-history":[{"count":0,"href":"https:\/\/www.europesays.com\/pt\/wp-json\/wp\/v2\/posts\/50963\/revisions"}],"wp:featuredmedia":[{"embeddable":true,"href":"https:\/\/www.europesays.com\/pt\/wp-json\/wp\/v2\/media\/50964"}],"wp:attachment":[{"href":"https:\/\/www.europesays.com\/pt\/wp-json\/wp\/v2\/media?parent=50963"}],"wp:term":[{"taxonomy":"category","embeddable":true,"href":"https:\/\/www.europesays.com\/pt\/wp-json\/wp\/v2\/categories?post=50963"},{"taxonomy":"post_tag","embeddable":true,"href":"https:\/\/www.europesays.com\/pt\/wp-json\/wp\/v2\/tags?post=50963"}],"curies":[{"name":"wp","href":"https:\/\/api.w.org\/{rel}","templated":true}]}}