{"id":509642,"date":"2026-09-02T23:50:25","date_gmt":"2026-09-02T23:50:25","guid":{"rendered":"https:\/\/www.europesays.com\/pt\/509642\/"},"modified":"2026-09-02T23:50:25","modified_gmt":"2026-09-02T23:50:25","slug":"vencedora-do-secret-story-vive-drama-nunca-estamos-preparados-nao-tem-cura-big-brother-verao-2026-ultimas-noticias-videos-e-diretos","status":"publish","type":"post","link":"https:\/\/www.europesays.com\/pt\/509642\/","title":{"rendered":"Vencedora do Secret Story vive drama: \u00abNunca estamos preparados (&#8230;) n\u00e3o tem cura\u00bb &#8211; Big Brother Ver\u00e3o 2026: \u00daltimas Not\u00edcias, V\u00eddeos e Diretos"},"content":{"rendered":"<p><strong>Elisabete Moutinho<\/strong> partilhou um sentido<strong> desabafo nas redes sociais<\/strong>. A <a target=\"_self\" rel=\"noopener noreferrer nofollow\" href=\"https:\/\/tvi.iol.pt\/bigbrother\/search?pagina=1&amp;pesquisa=elisabete+moutinho\">ex-concorrente<\/a> recorreu ao Instagram na manh\u00e3 desta quarta-feira, dia 2 de setembro, para partilhar com os seguidores o modo como se tem estado a sentir perante o envelhecimento da sua fiel <strong>companheira de quatro patas.<\/strong><\/p>\n<p>Num carrossel de fotografias partilhado na rede social, <a target=\"_self\" rel=\"noopener noreferrer nofollow\" href=\"https:\/\/tvi.iol.pt\/bigbrother\/search?pagina=1&amp;pesquisa=elisabete+moutinho\">a ex-concorrente <\/a>come\u00e7ou por desabafar:<\/p>\n<p>\u00abNunca estamos preparados quando vemos que os nossos melhores amigos est\u00e3o a envelhecer, estes dias que estive ausente reparei que a Sasha estava mais paradinha e com algumas dificuldades em andar. Quando cheguei fui logo ao veterin\u00e1rio e ele disse que ela est\u00e1 a come\u00e7ar a ter atrozes claro que desabei em l\u00e1grimas quando ela me disse que ela est\u00e1 a ficar velhinha, s\u00e3o quase 10 anos mas para mim ela ser\u00e1 sempre a minha protetora, a minha companheira de todas as horas, anda atr\u00e1s de mim para todo o lado e quando vi que ela j\u00e1 n\u00e3o conseguia subir a cama, o sof\u00e1, a cadeira foi muito triste.\u00bb<\/p>\n<p>Apesar da tristeza,<a target=\"_self\" rel=\"noopener noreferrer nofollow\" href=\"https:\/\/tvi.iol.pt\/bigbrother\/search?pagina=1&amp;pesquisa=elisabete+moutinho\"> Elisabete Moutinho <\/a><strong>deixou tamb\u00e9m uma nota mais positiva, <\/strong>revelando que <strong>a cadela j\u00e1 reage bem ao tratamento<\/strong>:<\/p>\n<p>\u00abFelizmente ela reagiu bem \u00e0 media\u00e7\u00e3o e j\u00e1 est\u00e1 a conseguir deitar-se ao meu lado sem ajuda. J\u00e1 est\u00e1 de novo a correr e mais feliz mas mesmo assim n\u00e3o deixa de ser triste saber que isto n\u00e3o tem cura que apenas podemos amenizar. N\u00e3o imagino a minha vida sem a minha Sasha e a minha \u00cdris\u2026minhas pequeninas vozes s\u00e3o a minha vida. Amo-vos muito.\u00bb<\/p>\n","protected":false},"excerpt":{"rendered":"Elisabete Moutinho partilhou um sentido desabafo nas redes sociais. A ex-concorrente recorreu ao Instagram na manh\u00e3 desta quarta-feira,&hellip;\n","protected":false},"author":2,"featured_media":509643,"comment_status":"","ping_status":"","sticky":false,"template":"","format":"standard","meta":{"footnotes":"","_share_on_mastodon":"0"},"categories":[85],"tags":[331,48,81660,333,328,335,336,17332,114,115,334,332,330,338,13,32,33,1315,162,227],"class_list":["post-509642","post","type-post","status-publish","format-standard","has-post-thumbnail","category-entretenimento","tag-big","tag-big-brother","tag-cadela-sasha","tag-comentadores","tag-concorrentes","tag-confrontos","tag-discussoes","tag-elisabete-moutinho","tag-entertainment","tag-entretenimento","tag-exclusivos","tag-expulso","tag-gala","tag-maria-botelho-moniz","tag-noticias","tag-portugal","tag-pt","tag-secret-story","tag-tvi","tag-videos"],"share_on_mastodon":{"url":"https:\/\/pubeurope.com\/@pt\/117204132209796030","error":""},"_links":{"self":[{"href":"https:\/\/www.europesays.com\/pt\/wp-json\/wp\/v2\/posts\/509642","targetHints":{"allow":["GET"]}}],"collection":[{"href":"https:\/\/www.europesays.com\/pt\/wp-json\/wp\/v2\/posts"}],"about":[{"href":"https:\/\/www.europesays.com\/pt\/wp-json\/wp\/v2\/types\/post"}],"author":[{"embeddable":true,"href":"https:\/\/www.europesays.com\/pt\/wp-json\/wp\/v2\/users\/2"}],"replies":[{"embeddable":true,"href":"https:\/\/www.europesays.com\/pt\/wp-json\/wp\/v2\/comments?post=509642"}],"version-history":[{"count":0,"href":"https:\/\/www.europesays.com\/pt\/wp-json\/wp\/v2\/posts\/509642\/revisions"}],"wp:featuredmedia":[{"embeddable":true,"href":"https:\/\/www.europesays.com\/pt\/wp-json\/wp\/v2\/media\/509643"}],"wp:attachment":[{"href":"https:\/\/www.europesays.com\/pt\/wp-json\/wp\/v2\/media?parent=509642"}],"wp:term":[{"taxonomy":"category","embeddable":true,"href":"https:\/\/www.europesays.com\/pt\/wp-json\/wp\/v2\/categories?post=509642"},{"taxonomy":"post_tag","embeddable":true,"href":"https:\/\/www.europesays.com\/pt\/wp-json\/wp\/v2\/tags?post=509642"}],"curies":[{"name":"wp","href":"https:\/\/api.w.org\/{rel}","templated":true}]}}