{"id":509646,"date":"2026-09-02T23:53:14","date_gmt":"2026-09-02T23:53:14","guid":{"rendered":"https:\/\/www.europesays.com\/pt\/509646\/"},"modified":"2026-09-02T23:53:14","modified_gmt":"2026-09-02T23:53:14","slug":"petroleo-volta-a-fluir-por-ormuz-perto-dos-niveis-anteriores-a-guerra","status":"publish","type":"post","link":"https:\/\/www.europesays.com\/pt\/509646\/","title":{"rendered":"Petr\u00f3leo volta a fluir por Ormuz perto dos n\u00edveis anteriores \u00e0 guerra"},"content":{"rendered":"<p class=\"text-paragraph\">Em entrevista \u00e0 CNBC, Wright salientou que o facto de o volume de petr\u00f3leo transportado por navio atrav\u00e9s do estreito ter atingido um pico desde o in\u00edcio do conflito, no final de fevereiro, significa que &#8220;o Ir\u00e3o est\u00e1 a perder a sua capacidade de manter a economia global ref\u00e9m&#8221;.<\/p>\n<p class=\"text-paragraph\">Segundo o secret\u00e1rio norte-americano, incluindo o petr\u00f3leo bruto que a Ar\u00e1bia Saudita e os Emirados \u00c1rabes Unidos exportam atrav\u00e9s de oleodutos que contornam o estreito de Ormuz, as exporta\u00e7\u00f5es de petr\u00f3leo da regi\u00e3o superaram mesmo os n\u00edveis pr\u00e9-guerra no in\u00edcio da semana.<\/p>\n<p class=\"text-paragraph\">&#8220;Com ou sem o Ir\u00e3o, o petr\u00f3leo e o g\u00e1s continuar\u00e3o a fluir da regi\u00e3o do Golfo P\u00e9rsico, e isso est\u00e1 a acontecer&#8221;, disse.<\/p>\n<p class=\"text-paragraph\">Antes do in\u00edcio dos ataques dos Estados Unidos e de Israel contra o Ir\u00e3o, a 28 de fevereiro, aproximadamente 20 milh\u00f5es de barris de petr\u00f3leo bruto e outros produtos petrol\u00edferos passavam diariamente pelo estreito de Ormuz.<\/p>\n<p class=\"text-paragraph\">Os n\u00fameros avan\u00e7ados por Wright s\u00e3o superiores \u00e0s estimativas das empresas independentes que monitorizam o tr\u00e1fego mar\u00edtimo atrav\u00e9s do estreito, mas o ministro de Donald Trump afirmou que Washington possui &#8220;os melhores dados dispon\u00edveis&#8221; e que estas empresas podem n\u00e3o estar a contabilizar embarca\u00e7\u00f5es que navegam &#8220;secretamente&#8221; pelo estreito.<\/p>\n<p class=\"text-paragraph\">Os n\u00fameros, acrescentou, mostram que &#8220;o Ir\u00e3o est\u00e1 a perder a sua capacidade de interromper o tr\u00e1fego mar\u00edtimo&#8221; e que, embora continue a causar &#8220;algumas interrup\u00e7\u00f5es&#8221;, o regime de Teer\u00e3o &#8220;est\u00e1 a perder essa vantagem&#8221;.<\/p>\n<p class=\"text-paragraph\">Os Estados Unidos estabeleceram um corredor mar\u00edtimo ao longo da costa de Om\u00e3, do lado oposto ao Ir\u00e3o no estreito, para facilitar a passagem dos petroleiros dos seus aliados do Golfo, que por vezes navegam durante a noite.<\/p>\n<p class=\"text-paragraph\">No entanto, o Ir\u00e3o tem atacado esporadicamente os navios que utilizam esta rota e exige que as embarca\u00e7\u00f5es comerciais utilizem um corredor localizado junto \u00e0s suas \u00e1guas.<\/p>\n<p class=\"text-paragraph\">Entretanto, o pre\u00e7o do crude norte-americano WTI, que fechou ontem acima dos 90 d\u00f3lares por barril, depois de os Estados Unidos terem bombardeado o Ir\u00e3o pela segunda vez numa semana, cotava nos 89,68 d\u00f3lares por barril esta manh\u00e3.<\/p>\n<p class=\"text-paragraph\">Washington e Teer\u00e3o retomaram os ataques depois de quase um m\u00eas sem hostilidades e na sequ\u00eancia do an\u00fancio da administra\u00e7\u00e3o Trump de uma campanha de press\u00e3o econ\u00f3mica contra a Rep\u00fablica Isl\u00e2mica.<\/p>\n<p>Leia Tamb\u00e9m: <a href=\"https:\/\/www.noticiasaominuto.com\/mundo\/3045327\/trump-sugere-mudar-nome-do-estreito-de-ormuz-para-estreito-trump\" target=\"_blank\" rel=\"noopener noreferrer nofollow\">Trump sugere mudar nome do estreito de Ormuz para &#8220;Estreito Trump&#8221;<\/a><\/p>\n","protected":false},"excerpt":{"rendered":"Em entrevista \u00e0 CNBC, Wright salientou que o facto de o volume de petr\u00f3leo transportado por navio atrav\u00e9s&hellip;\n","protected":false},"author":2,"featured_media":509647,"comment_status":"","ping_status":"","sticky":false,"template":"","format":"standard","meta":{"footnotes":"","_share_on_mastodon":"0"},"categories":[50],"tags":[27,28,15,16,14,25,26,21,22,62,12,13,19,20,23,24,17,18,29,30,31,63,64,65],"class_list":["post-509646","post","type-post","status-publish","format-standard","has-post-thumbnail","category-mundo","tag-breaking-news","tag-breakingnews","tag-featured-news","tag-featurednews","tag-headlines","tag-latest-news","tag-latestnews","tag-main-news","tag-mainnews","tag-mundo","tag-news","tag-noticias","tag-noticias-principais","tag-noticiasprincipais","tag-principais-noticias","tag-principaisnoticias","tag-top-stories","tag-topstories","tag-ultimas","tag-ultimas-noticias","tag-ultimasnoticias","tag-world","tag-world-news","tag-worldnews"],"share_on_mastodon":{"url":"","error":""},"_links":{"self":[{"href":"https:\/\/www.europesays.com\/pt\/wp-json\/wp\/v2\/posts\/509646","targetHints":{"allow":["GET"]}}],"collection":[{"href":"https:\/\/www.europesays.com\/pt\/wp-json\/wp\/v2\/posts"}],"about":[{"href":"https:\/\/www.europesays.com\/pt\/wp-json\/wp\/v2\/types\/post"}],"author":[{"embeddable":true,"href":"https:\/\/www.europesays.com\/pt\/wp-json\/wp\/v2\/users\/2"}],"replies":[{"embeddable":true,"href":"https:\/\/www.europesays.com\/pt\/wp-json\/wp\/v2\/comments?post=509646"}],"version-history":[{"count":0,"href":"https:\/\/www.europesays.com\/pt\/wp-json\/wp\/v2\/posts\/509646\/revisions"}],"wp:featuredmedia":[{"embeddable":true,"href":"https:\/\/www.europesays.com\/pt\/wp-json\/wp\/v2\/media\/509647"}],"wp:attachment":[{"href":"https:\/\/www.europesays.com\/pt\/wp-json\/wp\/v2\/media?parent=509646"}],"wp:term":[{"taxonomy":"category","embeddable":true,"href":"https:\/\/www.europesays.com\/pt\/wp-json\/wp\/v2\/categories?post=509646"},{"taxonomy":"post_tag","embeddable":true,"href":"https:\/\/www.europesays.com\/pt\/wp-json\/wp\/v2\/tags?post=509646"}],"curies":[{"name":"wp","href":"https:\/\/api.w.org\/{rel}","templated":true}]}}