{"id":509648,"date":"2026-09-02T23:55:14","date_gmt":"2026-09-02T23:55:14","guid":{"rendered":"https:\/\/www.europesays.com\/pt\/509648\/"},"modified":"2026-09-02T23:55:14","modified_gmt":"2026-09-02T23:55:14","slug":"vizela-jovem-acidentalmente-baleado-na-cabeca-em-cafe-observador","status":"publish","type":"post","link":"https:\/\/www.europesays.com\/pt\/509648\/","title":{"rendered":"Vizela. Jovem acidentalmente baleado na cabe\u00e7a em caf\u00e9 \u2013 Observador"},"content":{"rendered":"<p>Um jovem de 21 anos foi atingido, na madrugada de quarta-feira, com um tiro na cabe\u00e7a num caf\u00e9 em Vizela, distrito de Braga, ap\u00f3s um<strong> disparo \u201cacidental\u201d de um amigo, dono do estabelecimento<\/strong>, disse fonte da Pol\u00edcia Judici\u00e1ria \u00e0 Lusa.<\/p>\n<p>Segundo a fonte, a v\u00edtima ficou em estado \u201cmuito grave\u201d, tendo sido transportada para o Hospital de Braga, <strong>estando internada nos Cuidados Intensivos<\/strong>.<\/p>\n<p>A fonte explicou que o dono do caf\u00e9, de 25 anos, estaria a mostrar a arma a um grupo de amigos, tendo acabado por efetuar um disparo acidental.<\/p>\n<p>Disse ainda que a arma em causa \u00e9 ilegal.<\/p>\n<p>A PJ identificou o autor do disparo e constituiu-o arguido, mas n\u00e3o o deteve, \u201cpor <strong>n\u00e3o estarem reunidos os pressupostos necess\u00e1rios para o efeito<\/strong>\u201c.<\/p>\n<p>A investiga\u00e7\u00e3o vai continuar, para apurar todos os contornos da ocorr\u00eancia.<\/p>\n","protected":false},"excerpt":{"rendered":"Um jovem de 21 anos foi atingido, na madrugada de quarta-feira, com um tiro na cabe\u00e7a num caf\u00e9&hellip;\n","protected":false},"author":2,"featured_media":509649,"comment_status":"","ping_status":"","sticky":false,"template":"","format":"standard","meta":{"footnotes":"","_share_on_mastodon":"0"},"categories":[10],"tags":[1912,27,28,604,15,16,14,25,26,21,22,12,13,19,20,57,32,23,24,33,58,17,18,29,30,31],"class_list":["post-509648","post","type-post","status-publish","format-standard","has-post-thumbnail","category-portugal","tag-braga","tag-breaking-news","tag-breakingnews","tag-crime","tag-featured-news","tag-featurednews","tag-headlines","tag-latest-news","tag-latestnews","tag-main-news","tag-mainnews","tag-news","tag-noticias","tag-noticias-principais","tag-noticiasprincipais","tag-pau00eds","tag-portugal","tag-principais-noticias","tag-principaisnoticias","tag-pt","tag-sociedade","tag-top-stories","tag-topstories","tag-ultimas","tag-ultimas-noticias","tag-ultimasnoticias"],"share_on_mastodon":{"url":"https:\/\/pubeurope.com\/@pt\/117204151626174591","error":""},"_links":{"self":[{"href":"https:\/\/www.europesays.com\/pt\/wp-json\/wp\/v2\/posts\/509648","targetHints":{"allow":["GET"]}}],"collection":[{"href":"https:\/\/www.europesays.com\/pt\/wp-json\/wp\/v2\/posts"}],"about":[{"href":"https:\/\/www.europesays.com\/pt\/wp-json\/wp\/v2\/types\/post"}],"author":[{"embeddable":true,"href":"https:\/\/www.europesays.com\/pt\/wp-json\/wp\/v2\/users\/2"}],"replies":[{"embeddable":true,"href":"https:\/\/www.europesays.com\/pt\/wp-json\/wp\/v2\/comments?post=509648"}],"version-history":[{"count":0,"href":"https:\/\/www.europesays.com\/pt\/wp-json\/wp\/v2\/posts\/509648\/revisions"}],"wp:featuredmedia":[{"embeddable":true,"href":"https:\/\/www.europesays.com\/pt\/wp-json\/wp\/v2\/media\/509649"}],"wp:attachment":[{"href":"https:\/\/www.europesays.com\/pt\/wp-json\/wp\/v2\/media?parent=509648"}],"wp:term":[{"taxonomy":"category","embeddable":true,"href":"https:\/\/www.europesays.com\/pt\/wp-json\/wp\/v2\/categories?post=509648"},{"taxonomy":"post_tag","embeddable":true,"href":"https:\/\/www.europesays.com\/pt\/wp-json\/wp\/v2\/tags?post=509648"}],"curies":[{"name":"wp","href":"https:\/\/api.w.org\/{rel}","templated":true}]}}