{"id":509656,"date":"2026-09-03T00:05:19","date_gmt":"2026-09-03T00:05:19","guid":{"rendered":"https:\/\/www.europesays.com\/pt\/509656\/"},"modified":"2026-09-03T00:05:19","modified_gmt":"2026-09-03T00:05:19","slug":"vem-ai-a-madrasta-ricardo-ameaca-francisca-e-pede-lhe-5000-euros-novelas","status":"publish","type":"post","link":"https:\/\/www.europesays.com\/pt\/509656\/","title":{"rendered":"Vem a\u00ed \u00abA Madrasta\u00bb: Ricardo amea\u00e7a Francisca e pede-lhe 5000 euros &#8211; Novelas"},"content":{"rendered":"<p>Francisca (Matilde Reym\u00e3o) n\u00e3o demonstra grande tristeza pelo que aconteceu a Pedro e culpa Diana (In\u00eas Castel-Branco) por ter perdido o filho. A jovem revela a Laura (Madalena Brand\u00e3o) que precisa de 5000 euros, pois Ricardo (Diogo Fernandes) est\u00e1 a chantage\u00e1-la.<\/p>\n<p>Francisca conta que foi a casa de Pedro com o objetivo de desmascarar Diana, mas Ricardo viu-a e amea\u00e7ou denunci\u00e1-la \u00e0 pol\u00edcia. Perante a situa\u00e7\u00e3o, Laura promete resolver o problema.<\/p>\n","protected":false},"excerpt":{"rendered":"Francisca (Matilde Reym\u00e3o) n\u00e3o demonstra grande tristeza pelo que aconteceu a Pedro e culpa Diana (In\u00eas Castel-Branco) por&hellip;\n","protected":false},"author":2,"featured_media":509657,"comment_status":"","ping_status":"","sticky":false,"template":"","format":"standard","meta":{"footnotes":"","_share_on_mastodon":"0"},"categories":[85],"tags":[81661,160,166,114,115,157,167,62939,28081,164,885,881,161,158,165,159,32,33,156,30563,163,162],"class_list":["post-509656","post","type-post","status-publish","format-standard","has-post-thumbnail","category-entretenimento","tag-5000-euros","tag-ana-guiomar","tag-cristina-ferreira","tag-entertainment","tag-entretenimento","tag-festa-e-festa","tag-ficcao","tag-francisca","tag-ines-castel-branco","tag-jose-fidalgo","tag-laura","tag-matilde-reymao","tag-novelas","tag-para-sempre","tag-pedro-sousa","tag-pedro-teixeira","tag-portugal","tag-pt","tag-queridos-papas","tag-ricardo","tag-tiago-teotonio-pereira","tag-tvi"],"share_on_mastodon":{"url":"https:\/\/pubeurope.com\/@pt\/117204190816445892","error":""},"_links":{"self":[{"href":"https:\/\/www.europesays.com\/pt\/wp-json\/wp\/v2\/posts\/509656","targetHints":{"allow":["GET"]}}],"collection":[{"href":"https:\/\/www.europesays.com\/pt\/wp-json\/wp\/v2\/posts"}],"about":[{"href":"https:\/\/www.europesays.com\/pt\/wp-json\/wp\/v2\/types\/post"}],"author":[{"embeddable":true,"href":"https:\/\/www.europesays.com\/pt\/wp-json\/wp\/v2\/users\/2"}],"replies":[{"embeddable":true,"href":"https:\/\/www.europesays.com\/pt\/wp-json\/wp\/v2\/comments?post=509656"}],"version-history":[{"count":0,"href":"https:\/\/www.europesays.com\/pt\/wp-json\/wp\/v2\/posts\/509656\/revisions"}],"wp:featuredmedia":[{"embeddable":true,"href":"https:\/\/www.europesays.com\/pt\/wp-json\/wp\/v2\/media\/509657"}],"wp:attachment":[{"href":"https:\/\/www.europesays.com\/pt\/wp-json\/wp\/v2\/media?parent=509656"}],"wp:term":[{"taxonomy":"category","embeddable":true,"href":"https:\/\/www.europesays.com\/pt\/wp-json\/wp\/v2\/categories?post=509656"},{"taxonomy":"post_tag","embeddable":true,"href":"https:\/\/www.europesays.com\/pt\/wp-json\/wp\/v2\/tags?post=509656"}],"curies":[{"name":"wp","href":"https:\/\/api.w.org\/{rel}","templated":true}]}}