{"id":509660,"date":"2026-09-03T00:08:11","date_gmt":"2026-09-03T00:08:11","guid":{"rendered":"https:\/\/www.europesays.com\/pt\/509660\/"},"modified":"2026-09-03T00:08:11","modified_gmt":"2026-09-03T00:08:11","slug":"tiroteio-entre-servicos-secretos-ucranianos-faz-varios-feridos-em-kyiv","status":"publish","type":"post","link":"https:\/\/www.europesays.com\/pt\/509660\/","title":{"rendered":"Tiroteio entre servi\u00e7os secretos ucranianos faz v\u00e1rios feridos em Kyiv"},"content":{"rendered":"<p class=\"text-paragraph\">Segundo o jornal Kyiv Independent, o tiroteio ocorreu pela manh\u00e3 durante uma investiga\u00e7\u00e3o sobre um alegado plano terrorista contra o comandante adjunto do Corpo de Volunt\u00e1rios Russos &#8211; que luta do lado da Ucr\u00e2nia -, Stepan Kaplunov.<\/p>\n<p class=\"text-paragraph\">Kaplunov teria sido alegadamente raptado quando se deslocou at\u00e9 Kyiv para as comemora\u00e7\u00f5es da Independ\u00eancia da Ucr\u00e2nia, a 24 de agosto, por &#8220;indiv\u00edduos desconhecidos no p\u00e1tio da sua casa&#8221;, escreveu o Corpo de Volunt\u00e1rios Russos no Telegram.<\/p>\n<p class=\"text-paragraph\">De acordo com a Procuradoria-Geral da Ucr\u00e2nia, os agentes do SBU foram atacados por &#8220;uma das unidades das For\u00e7as de Defesa da Ucr\u00e2nia&#8221; enquanto conduziam uma investiga\u00e7\u00e3o.<\/p>\n<p class=\"text-paragraph\">&#8220;Durante as a\u00e7\u00f5es de investiga\u00e7\u00e3o no \u00e2mbito do processo relativo ao ato terrorista do [Servi\u00e7o Federal de Seguran\u00e7a russo] FSB da Federa\u00e7\u00e3o Russa, ocorreu um ataque armado contra agentes da SBU&#8221;, pode ler-se numa publica\u00e7\u00e3o no Telegram da procuradoria ucraniana.<\/p>\n<p class=\"text-paragraph\">O conselheiro presidencial ucraniano, Dmytro Lytvyn, confirmou que as duas unidades envolvidas foram de facto a SBU e os servi\u00e7os secretos militares ucranianos (GUR), segundo o Kyiv Independent, acrescentando que o Presidente, Volodymyr Zelensky, exigiu esclarecimentos aos l\u00edderes dos respetivos servi\u00e7os secretos.<\/p>\n<p class=\"text-paragraph\">O SBU tamb\u00e9m tinha afirmado anteriormente num comunicado que os seus agentes de opera\u00e7\u00f5es especiais Alfa\u00a0estavam a realizar uma rusga no \u00e2mbito de uma opera\u00e7\u00e3o destinada a impedir um ataque terrorista do FSB russo.<\/p>\n<p class=\"text-paragraph\">Os militares que se confrontaram com os agentes do SBU foram desarmados e detidos, segundo o comunicado do SBU, que reconhece que os membros do grupo Alfa se viram obrigados a utilizar as suas armas.<\/p>\n<p class=\"text-paragraph\">J\u00e1 o advogado de Kaplunov, Taras Vorovski, acusou os\u00a0agentes do grupo de opera\u00e7\u00f5es especiais Alfa do SBU de se dirigem \u00e0 resid\u00eancia do seu cliente para plantar provas incriminat\u00f3rias, num v\u00eddeo publicado no Telegram.<\/p>\n<p class=\"text-paragraph\">Vorovski mostra no v\u00eddeo &#8220;camaradas&#8221; de Kaplunov vestidos \u00e0 civil e explica que estes se deslocaram ao local ap\u00f3s terem sido avisados da presen\u00e7a dos agentes da SBU.<\/p>\n<p class=\"text-paragraph\">O advogado de Kaplunov repreende, no v\u00eddeo, os agentes armados da SBU por se terem deslocado \u00e0 resid\u00eancia do seu cliente sem o terem informado, na sua qualidade de advogado.<\/p>\n<p class=\"text-paragraph\">Num primeiro comunicado emitido esta manh\u00e3, logo de madrugada, pelo SBU, os servi\u00e7os secretos ucranianos afirmaram ter frustrado, em conjunto com o GUR, um &#8220;ataque terrorista&#8221; dos servi\u00e7os secretos russos contra &#8220;um dos l\u00edderes do movimento nacionalista da oposi\u00e7\u00e3o russa que chegou \u00e0 Ucr\u00e2nia por ocasi\u00e3o do Dia da Independ\u00eancia&#8221;, a 24 de agosto.<\/p>\n<p class=\"text-paragraph\">Os incidentes violentos entre a SBU e o GUR n\u00e3o s\u00e3o in\u00e9ditos, de acordo com o Kyiv Independent.<\/p>\n<p class=\"text-paragraph\">Em mar\u00e7o de 2022, um m\u00eas ap\u00f3s a invas\u00e3o russa, o corpo de um banqueiro foi atirado de uma carrinha no centro da capital ucraniana com um tiro na cabe\u00e7a.<\/p>\n<p class=\"text-paragraph\">O homem, Denys Kireyev, trabalhava para o GUR e tinha fornecido informa\u00e7\u00f5es sobre\u00a0os planos iniciais do Kremlin de tomar Kiev.<\/p>\n<p class=\"text-paragraph\">Kireyev esteve depois envolvido nas negocia\u00e7\u00f5es de paz entre Kiev e Moscovo ainda em 2022, mas tornou-se\u00a0alvo de suspeitas de trai\u00e7\u00e3o e de acusa\u00e7\u00f5es de ser um agente duplo ao servi\u00e7o da R\u00fassia, segundo os media ucranianos.<\/p>\n<p class=\"text-paragraph\">Em 2023, o actual chefe de gabinete do Presidente ucraniano,\u00a0Kyrylo Budanov, ent\u00e3o chefe do GUR, negou que Kireyev estivesse a trabalhar para a R\u00fassia e afirmou que este tinha sido morto por membros da SBU.<\/p>\n<p class=\"text-paragraph\">&#8220;Partilho da opini\u00e3o e acredito nos factos de que o Sr. Kireyev foi morto no carro da SBU quando esta conduzia uma opera\u00e7\u00e3o contra esta pessoa&#8221;, afirmou, \u00e0 data.<\/p>\n<p class=\"text-paragraph\">O Gabinete do Presidente, numa declara\u00e7\u00e3o de 2023, afirmou que a morte de Kireyev estava &#8220;ligada \u00e0 fraca coordena\u00e7\u00e3o dos servi\u00e7os especiais ucranianos no in\u00edcio da guerra&#8221;, segundo o Kyiv Independent.<\/p>\n<p>Leia Tamb\u00e9m: <a href=\"https:\/\/www.noticiasaominuto.com\/mundo\/3045338\/ucrania-portugal-esta-a-identificar-equipamento-energetico-nao-utilizado-para-doar-a-kiev-rangel\" target=\"_blank\" rel=\"noopener noreferrer nofollow\">Portugal procura equipamentos energ\u00e9ticos sem uso para doar \u00e0 Ucr\u00e2nia<\/a><\/p>\n","protected":false},"excerpt":{"rendered":"Segundo o jornal Kyiv Independent, o tiroteio ocorreu pela manh\u00e3 durante uma investiga\u00e7\u00e3o sobre um alegado plano terrorista&hellip;\n","protected":false},"author":2,"featured_media":509661,"comment_status":"","ping_status":"","sticky":false,"template":"","format":"standard","meta":{"footnotes":"","_share_on_mastodon":"0"},"categories":[50],"tags":[27,28,15,16,14,25,26,21,22,62,12,13,19,20,23,24,17,18,29,30,31,63,64,65],"class_list":["post-509660","post","type-post","status-publish","format-standard","has-post-thumbnail","category-mundo","tag-breaking-news","tag-breakingnews","tag-featured-news","tag-featurednews","tag-headlines","tag-latest-news","tag-latestnews","tag-main-news","tag-mainnews","tag-mundo","tag-news","tag-noticias","tag-noticias-principais","tag-noticiasprincipais","tag-principais-noticias","tag-principaisnoticias","tag-top-stories","tag-topstories","tag-ultimas","tag-ultimas-noticias","tag-ultimasnoticias","tag-world","tag-world-news","tag-worldnews"],"share_on_mastodon":{"url":"https:\/\/pubeurope.com\/@pt\/117204202612022256","error":""},"_links":{"self":[{"href":"https:\/\/www.europesays.com\/pt\/wp-json\/wp\/v2\/posts\/509660","targetHints":{"allow":["GET"]}}],"collection":[{"href":"https:\/\/www.europesays.com\/pt\/wp-json\/wp\/v2\/posts"}],"about":[{"href":"https:\/\/www.europesays.com\/pt\/wp-json\/wp\/v2\/types\/post"}],"author":[{"embeddable":true,"href":"https:\/\/www.europesays.com\/pt\/wp-json\/wp\/v2\/users\/2"}],"replies":[{"embeddable":true,"href":"https:\/\/www.europesays.com\/pt\/wp-json\/wp\/v2\/comments?post=509660"}],"version-history":[{"count":0,"href":"https:\/\/www.europesays.com\/pt\/wp-json\/wp\/v2\/posts\/509660\/revisions"}],"wp:featuredmedia":[{"embeddable":true,"href":"https:\/\/www.europesays.com\/pt\/wp-json\/wp\/v2\/media\/509661"}],"wp:attachment":[{"href":"https:\/\/www.europesays.com\/pt\/wp-json\/wp\/v2\/media?parent=509660"}],"wp:term":[{"taxonomy":"category","embeddable":true,"href":"https:\/\/www.europesays.com\/pt\/wp-json\/wp\/v2\/categories?post=509660"},{"taxonomy":"post_tag","embeddable":true,"href":"https:\/\/www.europesays.com\/pt\/wp-json\/wp\/v2\/tags?post=509660"}],"curies":[{"name":"wp","href":"https:\/\/api.w.org\/{rel}","templated":true}]}}