{"id":509662,"date":"2026-09-03T00:09:19","date_gmt":"2026-09-03T00:09:19","guid":{"rendered":"https:\/\/www.europesays.com\/pt\/509662\/"},"modified":"2026-09-03T00:09:19","modified_gmt":"2026-09-03T00:09:19","slug":"vila-do-conde-fazem-se-passar-por-padre-para-pedir-transferencias-de-dinheiro","status":"publish","type":"post","link":"https:\/\/www.europesays.com\/pt\/509662\/","title":{"rendered":"Vila do Conde: Fazem-se passar por padre para pedir transfer\u00eancias de dinheiro"},"content":{"rendered":"<p class=\"wp-block-paragraph\">A par\u00f3quia de Vila Ch\u00e3, em Vila do Conde, alertou para tentativas de burla utilizado o nome do seu p\u00e1roco, Jos\u00e9 Emanuel Amorim.<\/p>\n<p class=\"wp-block-paragraph\">Em comunicado, a par\u00f3quia adianta que \u201cest\u00e3o a circular contactos a solicitar transfer\u00eancias banc\u00e1rias em nome\u201d do p\u00e1roco e alerta: \u201cO padre Emanuel n\u00e3o est\u00e1 a pedir qualquer quantia em dinheiro atrav\u00e9s de mensagens ou pedidos informais\u201d.<\/p>\n<p class=\"wp-block-paragraph\">Por isso, alerta os paroquianos para n\u00e3o realizarem qualquer transfer\u00eancia nem enviarem qualquer valor, \u201cpor mais urgente que o pedido possa parecer\u201d.<\/p>\n<p><img loading=\"lazy\" data-dominant-color=\"c3c0e1\" data-has-transparency=\"false\" style=\"--dominant-color: #c3c0e1;\" decoding=\"async\" width=\"727\" height=\"1024\" alt=\"Vila do conde: fazem-se passar por padre para pedir transfer\u00eancias de dinheiro\" class=\"wp-image-687598 not-transparent perfmatters-lazy\" title=\"Vila do conde: fazem-se passar por padre para pedir transfer\u00eancias de dinheiro 6\" src=\"https:\/\/www.europesays.com\/pt\/wp-content\/uploads\/2026\/09\/787743877_1045755064997356_7232422782475654794_n-727x1024.jpg\"  data-\/>Vila do Conde: Fazem-se passar por padre para pedir transfer\u00eancias de dinheiro 7<\/p>\n<p class=\"wp-block-paragraph\">\u201cSe recebeu ou receber algum pedido suspeito, ignore e n\u00e3o responda\u201d, conclui a par\u00f3quia, apelando a que a informa\u00e7\u00e3o seja partilhada \u201csobretudo com os mais idosos\u201d.<\/p>\n","protected":false},"excerpt":{"rendered":"A par\u00f3quia de Vila Ch\u00e3, em Vila do Conde, alertou para tentativas de burla utilizado o nome do&hellip;\n","protected":false},"author":2,"featured_media":509663,"comment_status":"","ping_status":"","sticky":false,"template":"","format":"standard","meta":{"footnotes":"","_share_on_mastodon":"0"},"categories":[10],"tags":[27,28,15,16,14,25,26,21,22,12,13,19,20,32,23,24,33,17,18,29,30,31],"class_list":["post-509662","post","type-post","status-publish","format-standard","has-post-thumbnail","category-portugal","tag-breaking-news","tag-breakingnews","tag-featured-news","tag-featurednews","tag-headlines","tag-latest-news","tag-latestnews","tag-main-news","tag-mainnews","tag-news","tag-noticias","tag-noticias-principais","tag-noticiasprincipais","tag-portugal","tag-principais-noticias","tag-principaisnoticias","tag-pt","tag-top-stories","tag-topstories","tag-ultimas","tag-ultimas-noticias","tag-ultimasnoticias"],"share_on_mastodon":{"url":"https:\/\/pubeurope.com\/@pt\/117204207465174827","error":""},"_links":{"self":[{"href":"https:\/\/www.europesays.com\/pt\/wp-json\/wp\/v2\/posts\/509662","targetHints":{"allow":["GET"]}}],"collection":[{"href":"https:\/\/www.europesays.com\/pt\/wp-json\/wp\/v2\/posts"}],"about":[{"href":"https:\/\/www.europesays.com\/pt\/wp-json\/wp\/v2\/types\/post"}],"author":[{"embeddable":true,"href":"https:\/\/www.europesays.com\/pt\/wp-json\/wp\/v2\/users\/2"}],"replies":[{"embeddable":true,"href":"https:\/\/www.europesays.com\/pt\/wp-json\/wp\/v2\/comments?post=509662"}],"version-history":[{"count":0,"href":"https:\/\/www.europesays.com\/pt\/wp-json\/wp\/v2\/posts\/509662\/revisions"}],"wp:featuredmedia":[{"embeddable":true,"href":"https:\/\/www.europesays.com\/pt\/wp-json\/wp\/v2\/media\/509663"}],"wp:attachment":[{"href":"https:\/\/www.europesays.com\/pt\/wp-json\/wp\/v2\/media?parent=509662"}],"wp:term":[{"taxonomy":"category","embeddable":true,"href":"https:\/\/www.europesays.com\/pt\/wp-json\/wp\/v2\/categories?post=509662"},{"taxonomy":"post_tag","embeddable":true,"href":"https:\/\/www.europesays.com\/pt\/wp-json\/wp\/v2\/tags?post=509662"}],"curies":[{"name":"wp","href":"https:\/\/api.w.org\/{rel}","templated":true}]}}