{"id":509664,"date":"2026-09-03T00:10:12","date_gmt":"2026-09-03T00:10:12","guid":{"rendered":"https:\/\/www.europesays.com\/pt\/509664\/"},"modified":"2026-09-03T00:10:12","modified_gmt":"2026-09-03T00:10:12","slug":"oficial-gabriel-mec-reforca-o-fc-porto-ate-2031","status":"publish","type":"post","link":"https:\/\/www.europesays.com\/pt\/509664\/","title":{"rendered":"OFICIAL: Gabriel Mec refor\u00e7a o FC Porto at\u00e9 2031"},"content":{"rendered":"<p>O futebolista brasileiro Gabriel Mec \u00e9 refor\u00e7o do FC Porto, proveniente do Gr\u00e9mio de Lu\u00eds Castro, tendo assinado contrato v\u00e1lido para as pr\u00f3ximas cinco temporadas, at\u00e9 2031, confirmou o clube azul e branco, na noite desta quarta-feira.<\/p>\n<p>Em comunicado, o FC Porto informa que contratou o internacional jovem brasileiro por 11 milh\u00f5es de euros. \u00abGabriel Mec assinou um contrato v\u00e1lido por cinco temporadas, at\u00e9 2031, e \u00e9 o mais recente refor\u00e7o dos campe\u00f5es nacionais. O avan\u00e7ado internacional jovem brasileiro, de apenas 18 anos, chega ao clube oriundo do Gr\u00eamio de Porto Alegre\u00a0a troco de 11 milh\u00f5es de euros\u00bb, informam os drag\u00f5es.<\/p>\n<p>Al\u00e9m disso, os azuis e brancos revelam ainda que o Gr\u00eamio \u00abassumir\u00e1 a responsabilidade com o mecanismo de solidariedade devida a terceiros e o FC Porto declara que ter\u00e1 encargos com servi\u00e7os de intermedia\u00e7\u00e3o de 4,5% do valor fixo da transfer\u00eancia, podendo atingir um m\u00e1ximo de 9% mediante o cumprimento de objetivos desportivos\u00bb.<\/p>\n<p>Lu\u00eds Castro, que tamb\u00e9m orientou os escal\u00f5es de forma\u00e7\u00e3o dos drag\u00f5es, recorde-se, comentou a sa\u00edda do jogador de 18 anos, <a href=\"https:\/\/maisfutebol.iol.pt\/brasil\/fc-porto\/luis-castro-e-a-ida-de-gabriel-mec-para-o-fc-porto-compraram-um-talento-puro\" rel=\"nofollow noopener\" target=\"_blank\">descrevendo-o como um \u00abtalento puro\u00bb.<\/a><\/p>\n<p>Ao longo de 2026, Gabriel Mec participou em 32 jogos pela equipa principal do Gr\u00e9mio, contribuindo com tr\u00eas golos e duas assist\u00eancias.<\/p>\n<p>Depois de Andr\u00e9 Silva, Seko Fofana, In-Beom, Souza, Santiago Gim\u00e9nez e Afonso Sousa, Gabriel Mec torna-se no s\u00e9timo refor\u00e7o de Francesco Farioli para a temporada 2026\/27.<\/p>\n<p>Conhe\u00e7a <a href=\"https:\/\/maisfutebol.iol.pt\/reportagem\/gabriel-mec\/o-menino-do-rio-do-fc-porto-gabriel-driblou-ate-a-fome-e-no-fim-ficou-tudo-mec\" rel=\"nofollow noopener\" target=\"_blank\">aqui<\/a> um pouco melhor o novo refor\u00e7o dos drag\u00f5es.<\/p>\n<p><strong>[Artigo atualizado \u00e0s 22h43]<\/strong><\/p>\n","protected":false},"excerpt":{"rendered":"O futebolista brasileiro Gabriel Mec \u00e9 refor\u00e7o do FC Porto, proveniente do Gr\u00e9mio de Lu\u00eds Castro, tendo assinado&hellip;\n","protected":false},"author":2,"featured_media":509665,"comment_status":"","ping_status":"","sticky":false,"template":"","format":"standard","meta":{"footnotes":"","_share_on_mastodon":"0"},"categories":[8],"tags":[27,28,282,15,16,56684,13995,14,25,26,21,22,46,40,42,41,12,13,19,20,32,23,24,33,47,17,18,35,29,30,31],"class_list":["post-509664","post","type-post","status-publish","format-standard","has-post-thumbnail","category-principais-noticias","tag-breaking-news","tag-breakingnews","tag-fc-porto","tag-featured-news","tag-featurednews","tag-gabriel-mec","tag-gremio","tag-headlines","tag-latest-news","tag-latestnews","tag-main-news","tag-mainnews","tag-maisfutebol","tag-maistransferencias","tag-mercado","tag-mercado-de-transferencias","tag-news","tag-noticias","tag-noticias-principais","tag-noticiasprincipais","tag-portugal","tag-principais-noticias","tag-principaisnoticias","tag-pt","tag-pura-paixao","tag-top-stories","tag-topstories","tag-transferencias","tag-ultimas","tag-ultimas-noticias","tag-ultimasnoticias"],"share_on_mastodon":{"url":"https:\/\/pubeurope.com\/@pt\/117204210444687590","error":""},"_links":{"self":[{"href":"https:\/\/www.europesays.com\/pt\/wp-json\/wp\/v2\/posts\/509664","targetHints":{"allow":["GET"]}}],"collection":[{"href":"https:\/\/www.europesays.com\/pt\/wp-json\/wp\/v2\/posts"}],"about":[{"href":"https:\/\/www.europesays.com\/pt\/wp-json\/wp\/v2\/types\/post"}],"author":[{"embeddable":true,"href":"https:\/\/www.europesays.com\/pt\/wp-json\/wp\/v2\/users\/2"}],"replies":[{"embeddable":true,"href":"https:\/\/www.europesays.com\/pt\/wp-json\/wp\/v2\/comments?post=509664"}],"version-history":[{"count":0,"href":"https:\/\/www.europesays.com\/pt\/wp-json\/wp\/v2\/posts\/509664\/revisions"}],"wp:featuredmedia":[{"embeddable":true,"href":"https:\/\/www.europesays.com\/pt\/wp-json\/wp\/v2\/media\/509665"}],"wp:attachment":[{"href":"https:\/\/www.europesays.com\/pt\/wp-json\/wp\/v2\/media?parent=509664"}],"wp:term":[{"taxonomy":"category","embeddable":true,"href":"https:\/\/www.europesays.com\/pt\/wp-json\/wp\/v2\/categories?post=509664"},{"taxonomy":"post_tag","embeddable":true,"href":"https:\/\/www.europesays.com\/pt\/wp-json\/wp\/v2\/tags?post=509664"}],"curies":[{"name":"wp","href":"https:\/\/api.w.org\/{rel}","templated":true}]}}