{"id":509674,"date":"2026-09-03T00:24:24","date_gmt":"2026-09-03T00:24:24","guid":{"rendered":"https:\/\/www.europesays.com\/pt\/509674\/"},"modified":"2026-09-03T00:24:24","modified_gmt":"2026-09-03T00:24:24","slug":"elevador-da-gloria-vitimas-e-familiares-exigem-comunicacao-transparencia-apoio-e-responsabilizacao","status":"publish","type":"post","link":"https:\/\/www.europesays.com\/pt\/509674\/","title":{"rendered":"Elevador da Gl\u00f3ria. V\u00edtimas e familiares exigem &#8220;comunica\u00e7\u00e3o, transpar\u00eancia, apoio e responsabiliza\u00e7\u00e3o&#8221;"},"content":{"rendered":"\n<p><b>\u201cUm ano depois, n\u00f3s, as v\u00edtimas e fam\u00edlias afetadas, sentimos que precisamos de falar.\u201d<\/b> \u00c9 desta forma que come\u00e7am a <a href=\"https:\/\/cdn-images.rtp.pt\/icm\/noticias\/docs\/53\/5309c2aaa841a67ba813602baa7cbcf1_319bb1f2afe206e73f795ba5b851a1ca.jpeg\" target=\"_blank\" rel=\"nofollow noopener\">carta aberta<\/a>, escrita em ingl\u00eas, e divulgada esta quarta-feira, um dia antes do primeiro anivers\u00e1rio do acidente do Elevador da Gl\u00f3ria, em Lisboa.<\/p>\n<p>&#13;<br \/>\nNa missiva de tr\u00eas p\u00e1ginas, a que a RTP teve acesso, v\u00edtimas e familiares dizem que<b> continuam \u00e0 espera de respostas, apoio e responsabiliza\u00e7\u00e3o<\/b> e criticam a aus\u00eancia de comunica\u00e7\u00e3o ao longo dos \u00faltimos 12 meses, escrevem.&#13;\n<\/p>\n<p>&#13;<br \/>\n&#8220;O que estamos a pedir \u00e9 mais simples do que isso: comunica\u00e7\u00e3o. Transpar\u00eancia. Apoio. Responsabiliza\u00e7\u00e3o\u201d, pode ler-se na carta.&#13;<br \/>\n&#13;\n<\/p>\n<p>&#13;<br \/>\nOs subscritores reconhecem que <b>&#8220;a investiga\u00e7\u00e3o ainda est\u00e1 a decorrer e que as respostas concretas levam tempo. N\u00e3o estamos a pedir que ningu\u00e9m se apresse ou tire conclus\u00f5es antes de os factos serem conhecidos&#8221;<\/b>, sublinham.&#13;\n<\/p>\n<p>&#8220;\u00c9 dif\u00edcil n\u00e3o nos sentirmos esquecidos&#8221;<\/p>\n<p>&#13;<br \/>\nPara as fam\u00edlias afetadas pela trag\u00e9dia, o \u00faltimo ano foi marcado n\u00e3o apenas pelo luto, mas tamb\u00e9m pela incerteza e pela sensa\u00e7\u00e3o de aus\u00eancia de informa\u00e7\u00e3o.&#13;\n<\/p>\n<p>&#13;<br \/>\n&#8220;Para a maioria de n\u00f3s, este ano n\u00e3o foi apenas sobre o luto. Foi sobre esperar por informa\u00e7\u00f5es que nunca chegam e sentir que ningu\u00e9m est\u00e1 realmente a falar connosco&#8221;, afirmam.&#13;<br \/>\n&#13;\n<\/p>\n<p>&#13;<br \/>\nA cr\u00edtica \u00e9 particularmente dirigida \u00e0 comunica\u00e7\u00e3o com as fam\u00edlias que vivem fora de Portugal.\u00a0&#13;\n<\/p>\n<p>&#13;<br \/>\nSegundo a carta, o convite para a inaugura\u00e7\u00e3o do memorial dedicado \u00e0s v\u00edtimas que acontece esta quinta-feira, foi a \u00fanica comunica\u00e7\u00e3o direta que alguns tiveram no \u00faltimo ano da parte da C\u00e2mara Municipal de Lisboa.&#13;\n<\/p>\n<p>&#13;<br \/>\nOs familiares dizem compreender a import\u00e2ncia do memorial e mostram-se agradecidos por as v\u00edtimas serem lembradas. No entanto, consideram que esse tenha sido, para muitos, o \u00fanico contacto direto com a autarquia.\u00a0&#13;\n<\/p>\n<p>&#13;<br \/>\nNa carta, \u00e9 tamb\u00e9m feito um pedido para n\u00e3o serem esquecidos. <b>&#8220;Estamos a pedir para sermos tratados como pessoas, n\u00e3o como papelada&#8221;<\/b>, salientam.&#13;\n<\/p>\n<p>Fam\u00edlias contestam condicionamento de jornalistas na cerim\u00f3nia<\/p>\n<p>&#13;<br \/>\nA carta aborda ainda a inaugura\u00e7\u00e3o do memorial, que acontece esta quinta-feira, e a decis\u00e3o de a autarquia de Lisboa\u00a0<b>de condicionar a presen\u00e7a de jornalistas <\/b>no local, com a justifica\u00e7\u00e3o de respeitar a privacidade das fam\u00edlias.&#13;\n<\/p>\n<p>&#13;<br \/>\n<b>&#8220;Compreendemos a inten\u00e7\u00e3o por detr\u00e1s disso. Mas, para muitos de n\u00f3s, pareceu errado&#8221;<\/b>, afirmam.&#13;\n<\/p>\n<p>&#13;<br \/>\n&#8220;Depois de um ano de sil\u00eancio, aquilo de que precis\u00e1vamos n\u00e3o era de ser protegidos da conversa p\u00fablica \u2014 era de, finalmente, fazer parte dela&#8221;, defendem.&#13;\n<\/p>\n<p>&#13;<br \/>\n&#8220;Neste primeiro anivers\u00e1rio, acreditamos que \u00e9 importante que as pessoas ou\u00e7am diretamente aqueles que continuam a viver com o que aconteceu&#8221;, explicam.&#13;\n<\/p>\n<p>&#13;<br \/>\nNa carta composta por tr\u00eas p\u00e1ginas, os familiares apresentam um rol de pedidos que passam por uma comunica\u00e7\u00e3o regular, clareza sobre quem recaem as responsabilidades do acidente, respostas sobre a manuten\u00e7\u00e3o e as inspe\u00e7\u00f5es no equipamento, informa\u00e7\u00f5es precisas sobre o apoio dispon\u00edvel para as fam\u00edlias, transpar\u00eancia quanto ao aux\u00edlio financeiro anunciado para as v\u00edtimas, processo mais \u00e1gil para acionar seguros, acesso mais c\u00e9lere aos documentos de que precisam.&#13;\n<\/p>\n<p>&#13;<br \/>\nNo documento, \u00e9 referido tamb\u00e9m que <b>muitos dos familiares foram obrigados a contratar advogados <\/b>s\u00f3 para <b>&#8220;obter respostas b\u00e1sicas, lidar com a burocracia e tentar ser ouvidos pelas institui\u00e7\u00f5es portuguesas&#8221;<\/b>, escrevem. \u201cIsto n\u00e3o deveria ser necess\u00e1rio um ano ap\u00f3s perdermos que am\u00e1vamos\u201d, adiantam.&#13;\n<\/p>\n<p>Os subscritores terminam a carta a referir que um ano depois, continuam a relembrar as pessoas que perderam e est\u00e3o ao lado dos que sobreviveram.<\/p>\n<p>&#13;<br \/>\nO acidente do Elevador da Gl\u00f3ria ocorreu a 3 de setembro de 2025, em Lisboa. O desastre provocou 16 mortos, al\u00e9m de v\u00e1rios feridos, e deu origem a uma investiga\u00e7\u00e3o que, um ano depois, permanece em curso.&#13;<\/p>\n","protected":false},"excerpt":{"rendered":"\u201cUm ano depois, n\u00f3s, as v\u00edtimas e fam\u00edlias afetadas, sentimos que precisamos de falar.\u201d \u00c9 desta forma que&hellip;\n","protected":false},"author":2,"featured_media":509675,"comment_status":"","ping_status":"","sticky":false,"template":"","format":"standard","meta":{"footnotes":"","_share_on_mastodon":"0"},"categories":[10],"tags":[27,28,16269,15,16,14,25,26,797,21,22,12,13,19,20,32,23,24,33,17,18,29,30,31,18743],"class_list":["post-509674","post","type-post","status-publish","format-standard","has-post-thumbnail","category-portugal","tag-breaking-news","tag-breakingnews","tag-elevador-da-gloria","tag-featured-news","tag-featurednews","tag-headlines","tag-latest-news","tag-latestnews","tag-lisboa","tag-main-news","tag-mainnews","tag-news","tag-noticias","tag-noticias-principais","tag-noticiasprincipais","tag-portugal","tag-principais-noticias","tag-principaisnoticias","tag-pt","tag-top-stories","tag-topstories","tag-ultimas","tag-ultimas-noticias","tag-ultimasnoticias","tag-vitimas"],"share_on_mastodon":{"url":"https:\/\/pubeurope.com\/@pt\/117204265495407821","error":""},"_links":{"self":[{"href":"https:\/\/www.europesays.com\/pt\/wp-json\/wp\/v2\/posts\/509674","targetHints":{"allow":["GET"]}}],"collection":[{"href":"https:\/\/www.europesays.com\/pt\/wp-json\/wp\/v2\/posts"}],"about":[{"href":"https:\/\/www.europesays.com\/pt\/wp-json\/wp\/v2\/types\/post"}],"author":[{"embeddable":true,"href":"https:\/\/www.europesays.com\/pt\/wp-json\/wp\/v2\/users\/2"}],"replies":[{"embeddable":true,"href":"https:\/\/www.europesays.com\/pt\/wp-json\/wp\/v2\/comments?post=509674"}],"version-history":[{"count":0,"href":"https:\/\/www.europesays.com\/pt\/wp-json\/wp\/v2\/posts\/509674\/revisions"}],"wp:featuredmedia":[{"embeddable":true,"href":"https:\/\/www.europesays.com\/pt\/wp-json\/wp\/v2\/media\/509675"}],"wp:attachment":[{"href":"https:\/\/www.europesays.com\/pt\/wp-json\/wp\/v2\/media?parent=509674"}],"wp:term":[{"taxonomy":"category","embeddable":true,"href":"https:\/\/www.europesays.com\/pt\/wp-json\/wp\/v2\/categories?post=509674"},{"taxonomy":"post_tag","embeddable":true,"href":"https:\/\/www.europesays.com\/pt\/wp-json\/wp\/v2\/tags?post=509674"}],"curies":[{"name":"wp","href":"https:\/\/api.w.org\/{rel}","templated":true}]}}