{"id":509676,"date":"2026-09-03T00:25:13","date_gmt":"2026-09-03T00:25:13","guid":{"rendered":"https:\/\/www.europesays.com\/pt\/509676\/"},"modified":"2026-09-03T00:25:13","modified_gmt":"2026-09-03T00:25:13","slug":"jogos-do-mediterraneo-irina-rodrigues-lanca-disco-de-ouro-em-taranto","status":"publish","type":"post","link":"https:\/\/www.europesays.com\/pt\/509676\/","title":{"rendered":"Jogos do Mediterr\u00e2neo: Irina Rodrigues lan\u00e7a disco de ouro em Taranto"},"content":{"rendered":"<p>Irina Rodrigues sagrou-se esta quarta-feira campe\u00e3 no lan\u00e7amento do disco nos Jogos do Mediterr\u00e2neo, que decorrem em Taranto, garantindo mais uma medalha de ouro para Portugal.<\/p>\n<p>A atleta ol\u00edmpica, de 35 anos, alcan\u00e7ou a marca de 62,51 metros no segundo ensaio, um registo que se revelou suficiente para assegurar o primeiro lugar do p\u00f3dio e o t\u00edtulo na competi\u00e7\u00e3o.<\/p>\n<p>No concurso, a italiana Daisy Osakue ficou com a medalha de prata, com um lan\u00e7amento de 60,96 metros, enquanto a turca Ozlem Becerek conquistou o bronze, ao atingir os 60,18 metros.<\/p>\n<p>Este foi o segundo t\u00edtulo do dia para o atletismo nacional, depois de Patr\u00edcia Silva tamb\u00e9m ter vencido a prova dos 1500 metros. Com esta vit\u00f3ria, Irina Rodrigues somou a 32.\u00aa medalha para a comitiva portuguesa na presente edi\u00e7\u00e3o dos Jogos, que teve in\u00edcio a 21 de agosto e termina na quinta-feira.<\/p>\n","protected":false},"excerpt":{"rendered":"Irina Rodrigues sagrou-se esta quarta-feira campe\u00e3 no lan\u00e7amento do disco nos Jogos do Mediterr\u00e2neo, que decorrem em Taranto,&hellip;\n","protected":false},"author":2,"featured_media":509677,"comment_status":"","ping_status":"","sticky":false,"template":"","format":"standard","meta":{"footnotes":"","_share_on_mastodon":"0"},"categories":[8],"tags":[27,28,15,16,14,25,26,21,22,12,13,19,20,32,23,24,33,17,18,29,30,31],"class_list":["post-509676","post","type-post","status-publish","format-standard","has-post-thumbnail","category-principais-noticias","tag-breaking-news","tag-breakingnews","tag-featured-news","tag-featurednews","tag-headlines","tag-latest-news","tag-latestnews","tag-main-news","tag-mainnews","tag-news","tag-noticias","tag-noticias-principais","tag-noticiasprincipais","tag-portugal","tag-principais-noticias","tag-principaisnoticias","tag-pt","tag-top-stories","tag-topstories","tag-ultimas","tag-ultimas-noticias","tag-ultimasnoticias"],"share_on_mastodon":{"url":"https:\/\/pubeurope.com\/@pt\/117204269628495031","error":""},"_links":{"self":[{"href":"https:\/\/www.europesays.com\/pt\/wp-json\/wp\/v2\/posts\/509676","targetHints":{"allow":["GET"]}}],"collection":[{"href":"https:\/\/www.europesays.com\/pt\/wp-json\/wp\/v2\/posts"}],"about":[{"href":"https:\/\/www.europesays.com\/pt\/wp-json\/wp\/v2\/types\/post"}],"author":[{"embeddable":true,"href":"https:\/\/www.europesays.com\/pt\/wp-json\/wp\/v2\/users\/2"}],"replies":[{"embeddable":true,"href":"https:\/\/www.europesays.com\/pt\/wp-json\/wp\/v2\/comments?post=509676"}],"version-history":[{"count":0,"href":"https:\/\/www.europesays.com\/pt\/wp-json\/wp\/v2\/posts\/509676\/revisions"}],"wp:featuredmedia":[{"embeddable":true,"href":"https:\/\/www.europesays.com\/pt\/wp-json\/wp\/v2\/media\/509677"}],"wp:attachment":[{"href":"https:\/\/www.europesays.com\/pt\/wp-json\/wp\/v2\/media?parent=509676"}],"wp:term":[{"taxonomy":"category","embeddable":true,"href":"https:\/\/www.europesays.com\/pt\/wp-json\/wp\/v2\/categories?post=509676"},{"taxonomy":"post_tag","embeddable":true,"href":"https:\/\/www.europesays.com\/pt\/wp-json\/wp\/v2\/tags?post=509676"}],"curies":[{"name":"wp","href":"https:\/\/api.w.org\/{rel}","templated":true}]}}