{"id":509686,"date":"2026-09-03T00:38:36","date_gmt":"2026-09-03T00:38:36","guid":{"rendered":"https:\/\/www.europesays.com\/pt\/509686\/"},"modified":"2026-09-03T00:38:36","modified_gmt":"2026-09-03T00:38:36","slug":"braga-travessa-rafael-bordalo-pinheiro-cortada-ao-transito-nos-dias-3-e-4-de-setembro","status":"publish","type":"post","link":"https:\/\/www.europesays.com\/pt\/509686\/","title":{"rendered":"Braga: Travessa Rafael Bordalo Pinheiro cortada ao tr\u00e2nsito nos dias 3 e 4 de setembro"},"content":{"rendered":"<p>Corte total de circula\u00e7\u00e3o e proibi\u00e7\u00e3o de estacionamento na freguesia de S\u00e3o Victor decorrem no \u00e2mbito de trabalhos de pavimenta\u00e7\u00e3o<\/p>\n<p data-path-to-node=\"2\">O <a href=\"https:\/\/www.cm-braga.pt\/pt\" target=\"_blank\" rel=\"noopener nofollow\">Munic\u00edpio de Braga<\/a> anunciou a implementa\u00e7\u00e3o de condicionamentos tempor\u00e1rios de tr\u00e2nsito e estacionamento na <b data-path-to-node=\"2\" data-index-in-node=\"110\">Travessa Rafael Bordalo Pinheiro<\/b>, localizada na freguesia de <b data-path-to-node=\"2\" data-index-in-node=\"171\">S\u00e3o Victor<\/b>. As restri\u00e7\u00f5es decorrem nos dias <b data-path-to-node=\"2\" data-index-in-node=\"215\">3 e 4 de setembro<\/b> de 2026, no \u00e2mbito da empreitada de pavimenta\u00e7\u00e3o daquela art\u00e9ria.<\/p>\n<p data-path-to-node=\"3\">A interven\u00e7\u00e3o abrange uma extens\u00e3o de cerca de <b data-path-to-node=\"3\" data-index-in-node=\"47\">320 metros<\/b>, durante os quais a circula\u00e7\u00e3o autom\u00f3vel e o estacionamento estar\u00e3o totalmente proibidos.<\/p>\n<p>Segundo a autarquia bracarense, a dura\u00e7\u00e3o dos trabalhos e os respetivos condicionamentos poder\u00e3o ser ajustados, bem como prolongados por per\u00edodos adicionais de um dia, consoante o ritmo das obras, as condi\u00e7\u00f5es meteorol\u00f3gicas ou necessidades t\u00e9cnicas que surjam no local.<\/p>\n","protected":false},"excerpt":{"rendered":"Corte total de circula\u00e7\u00e3o e proibi\u00e7\u00e3o de estacionamento na freguesia de S\u00e3o Victor decorrem no \u00e2mbito de trabalhos&hellip;\n","protected":false},"author":2,"featured_media":509687,"comment_status":"","ping_status":"","sticky":false,"template":"","format":"standard","meta":{"footnotes":"","_share_on_mastodon":"0"},"categories":[10],"tags":[27,28,15,16,14,25,26,21,22,12,13,19,20,32,23,24,33,17,18,29,30,31],"class_list":["post-509686","post","type-post","status-publish","format-standard","has-post-thumbnail","category-portugal","tag-breaking-news","tag-breakingnews","tag-featured-news","tag-featurednews","tag-headlines","tag-latest-news","tag-latestnews","tag-main-news","tag-mainnews","tag-news","tag-noticias","tag-noticias-principais","tag-noticiasprincipais","tag-portugal","tag-principais-noticias","tag-principaisnoticias","tag-pt","tag-top-stories","tag-topstories","tag-ultimas","tag-ultimas-noticias","tag-ultimasnoticias"],"share_on_mastodon":{"url":"https:\/\/pubeurope.com\/@pt\/117204320887850203","error":""},"_links":{"self":[{"href":"https:\/\/www.europesays.com\/pt\/wp-json\/wp\/v2\/posts\/509686","targetHints":{"allow":["GET"]}}],"collection":[{"href":"https:\/\/www.europesays.com\/pt\/wp-json\/wp\/v2\/posts"}],"about":[{"href":"https:\/\/www.europesays.com\/pt\/wp-json\/wp\/v2\/types\/post"}],"author":[{"embeddable":true,"href":"https:\/\/www.europesays.com\/pt\/wp-json\/wp\/v2\/users\/2"}],"replies":[{"embeddable":true,"href":"https:\/\/www.europesays.com\/pt\/wp-json\/wp\/v2\/comments?post=509686"}],"version-history":[{"count":0,"href":"https:\/\/www.europesays.com\/pt\/wp-json\/wp\/v2\/posts\/509686\/revisions"}],"wp:featuredmedia":[{"embeddable":true,"href":"https:\/\/www.europesays.com\/pt\/wp-json\/wp\/v2\/media\/509687"}],"wp:attachment":[{"href":"https:\/\/www.europesays.com\/pt\/wp-json\/wp\/v2\/media?parent=509686"}],"wp:term":[{"taxonomy":"category","embeddable":true,"href":"https:\/\/www.europesays.com\/pt\/wp-json\/wp\/v2\/categories?post=509686"},{"taxonomy":"post_tag","embeddable":true,"href":"https:\/\/www.europesays.com\/pt\/wp-json\/wp\/v2\/tags?post=509686"}],"curies":[{"name":"wp","href":"https:\/\/api.w.org\/{rel}","templated":true}]}}