{"id":509688,"date":"2026-09-03T00:39:12","date_gmt":"2026-09-03T00:39:12","guid":{"rendered":"https:\/\/www.europesays.com\/pt\/509688\/"},"modified":"2026-09-03T00:39:12","modified_gmt":"2026-09-03T00:39:12","slug":"crianca-de-quatro-anos-assiste-a-morte-da-mae-britanica-golpeada-com-tesoura-pelo-companheiro-em-corredor-de-hotel-de-albufeira","status":"publish","type":"post","link":"https:\/\/www.europesays.com\/pt\/509688\/","title":{"rendered":"Crian\u00e7a de quatro anos assiste \u00e0 morte da m\u00e3e. Brit\u00e2nica golpeada com tesoura pelo companheiro em corredor de hotel de Albufeira"},"content":{"rendered":"<p>                Av\u00f3 j\u00e1 est\u00e1 a caminho de Portugal para vir buscar a menina que fez quatro anos esta quarta-feira<\/p>\n<p>Uma crian\u00e7a de quatro anos assistiu \u00e0 <a href=\"https:\/\/cnnportugal.iol.pt\/crime\/albufeira\/mulher-encontrada-morta-em-hotel-de-albufeira-companheiro-detido\/20260901\/6a972ef3d34ed0733ba82f6f\" target=\"_blank\" rel=\"nofollow noopener\">morte da m\u00e3e<\/a>, na tarde de ter\u00e7a-feira, no hotel em Albufeira onde a fam\u00edlia, brit\u00e2nica, passava f\u00e9rias. O pai, o principal suspeito, foi detido pelas autoridades.<\/p>\n<p>Uma discuss\u00e3o entre o casal de 34 anos, ainda no quarto de hotel e na presen\u00e7a da filha, culminou numa agress\u00e3o violenta no corredor do segundo andar da unidade algarvia, quando a v\u00edtima tentava escapar ao agressor, apurou a CNN Portugal.<\/p>\n<p>O suspeito pegou numa tesoura e golpeou a mulher v\u00e1rias vezes.<\/p>\n<p>Os gritos alertaram h\u00f3spedes e funcion\u00e1rios do hotel, que ainda tentaram socorrer a mulher, mas sem sucesso.<\/p>\n<p>Os bombeiros e o INEM foram acionados por volta das 18:30, mas j\u00e1 nada havia a fazer. O \u00f3bito acabaria por ser confirmado no local pela equipa m\u00e9dica da VMER.<\/p>\n<p>O suspeito n\u00e3o fugiu e ficou no hotel at\u00e9 \u00e0 chegada da GNR, tendo sido depois detido.<\/p>\n<p>A menina foi retirada do local e recebeu assist\u00eancia m\u00e9dica devido a um ferimento ligeiro numa perna. Acabou por ser levada para o Hospital de Faro, mas apenas por precau\u00e7\u00e3o. A menor j\u00e1 teve alta cl\u00ednica e aguarda no hospital a chegada a Portugal da av\u00f3 e de mais familiares.<\/p>\n<p>O pai foi presente a tribunal, em Portim\u00e3o, esta quarta-feira, dia em que a menina fez quatro anos, mas foi apenas identificado. Regressa esta quinta-feira para conhecer as medidas de coa\u00e7\u00e3o.<\/p>\n<p>O corpo da v\u00edtima vai ser autopsiado e depois transladado para o Reino Unido.<\/p>\n","protected":false},"excerpt":{"rendered":"Av\u00f3 j\u00e1 est\u00e1 a caminho de Portugal para vir buscar a menina que fez quatro anos esta quarta-feira&hellip;\n","protected":false},"author":2,"featured_media":509689,"comment_status":"","ping_status":"","sticky":false,"template":"","format":"standard","meta":{"footnotes":"","_share_on_mastodon":"0"},"categories":[8],"tags":[6579,609,836,611,27,28,81665,607,608,333,832,604,81662,135,610,476,15,16,301,830,14,603,25,26,570,21,22,831,833,81664,81663,62,834,12,13,19,20,835,602,52,32,23,24,33,17,18,29,30,31],"class_list":["post-509688","post","type-post","status-publish","format-standard","has-post-thumbnail","category-principais-noticias","tag-albufeira","tag-alerta","tag-analise","tag-ao-minuto","tag-breaking-news","tag-breakingnews","tag-britanica-morta","tag-cnn","tag-cnn-portugal","tag-comentadores","tag-costa","tag-crime","tag-crime-em-albufeira","tag-desporto","tag-direto","tag-economia","tag-featured-news","tag-featurednews","tag-governo","tag-guerra","tag-headlines","tag-justica","tag-latest-news","tag-latestnews","tag-live","tag-main-news","tag-mainnews","tag-mais-vistas","tag-marcelo","tag-morte-hotel","tag-morte-hotel-albufeira","tag-mundo","tag-negocios","tag-news","tag-noticias","tag-noticias-principais","tag-noticiasprincipais","tag-opiniao","tag-pais","tag-politica","tag-portugal","tag-principais-noticias","tag-principaisnoticias","tag-pt","tag-top-stories","tag-topstories","tag-ultimas","tag-ultimas-noticias","tag-ultimasnoticias"],"share_on_mastodon":{"url":"","error":"Validation failed: Text character limit of 500 exceeded"},"_links":{"self":[{"href":"https:\/\/www.europesays.com\/pt\/wp-json\/wp\/v2\/posts\/509688","targetHints":{"allow":["GET"]}}],"collection":[{"href":"https:\/\/www.europesays.com\/pt\/wp-json\/wp\/v2\/posts"}],"about":[{"href":"https:\/\/www.europesays.com\/pt\/wp-json\/wp\/v2\/types\/post"}],"author":[{"embeddable":true,"href":"https:\/\/www.europesays.com\/pt\/wp-json\/wp\/v2\/users\/2"}],"replies":[{"embeddable":true,"href":"https:\/\/www.europesays.com\/pt\/wp-json\/wp\/v2\/comments?post=509688"}],"version-history":[{"count":0,"href":"https:\/\/www.europesays.com\/pt\/wp-json\/wp\/v2\/posts\/509688\/revisions"}],"wp:featuredmedia":[{"embeddable":true,"href":"https:\/\/www.europesays.com\/pt\/wp-json\/wp\/v2\/media\/509689"}],"wp:attachment":[{"href":"https:\/\/www.europesays.com\/pt\/wp-json\/wp\/v2\/media?parent=509688"}],"wp:term":[{"taxonomy":"category","embeddable":true,"href":"https:\/\/www.europesays.com\/pt\/wp-json\/wp\/v2\/categories?post=509688"},{"taxonomy":"post_tag","embeddable":true,"href":"https:\/\/www.europesays.com\/pt\/wp-json\/wp\/v2\/tags?post=509688"}],"curies":[{"name":"wp","href":"https:\/\/api.w.org\/{rel}","templated":true}]}}