{"id":50969,"date":"2025-08-30T01:22:08","date_gmt":"2025-08-30T01:22:08","guid":{"rendered":"https:\/\/www.europesays.com\/pt\/50969\/"},"modified":"2025-08-30T01:22:08","modified_gmt":"2025-08-30T01:22:08","slug":"ex-membros-do-venom-mantas-e-abaddon-se-reunem-em-batalha-judicial-contra-cronos","status":"publish","type":"post","link":"https:\/\/www.europesays.com\/pt\/50969\/","title":{"rendered":"Ex-membros do Venom, Mantas e Abaddon se re\u00fanem em batalha judicial contra Cronos"},"content":{"rendered":"\n<p>Os dois ex-integrantes da forma\u00e7\u00e3o original do <strong><a href=\"https:\/\/igormiranda.com.br\/tag\/venom\/\" target=\"_blank\" rel=\"noreferrer noopener nofollow\">Venom<\/a><\/strong>, <strong>Jeff \u201cMantas\u201d Dunn<\/strong> (guitarra) e <strong>Anthony \u201cAbaddon\u201d Bray<\/strong> (bateria), se reuniram com uma finalidade n\u00e3o musical: defesa em um processo movido pelo vocalista e baixista <strong>Conrad \u201cCronos\u201d Lant<\/strong>. Este \u00faltimo \u00e9 o \u00fanico remanescente da banda, que segue com m\u00fasicos contratados. Direitos envolvendo o logo do grupo est\u00e3o em disputa na Justi\u00e7a.<\/p>\n<p>O dilema envolve quest\u00f5es relacionadas ao uso da arte no material de merchandise e identidade visual do grupo pioneiro do black metal. Em 2015, Abaddon e Mantas se juntaram a <strong>Tony \u201cDemoliton Man\u201d Dolan<\/strong> e criaram o <strong>Venom Inc.<\/strong>, vers\u00e3o pr\u00f3pria do projeto \u2014 do qual ambos, curiosamente, est\u00e3o fora hoje, desde 2018 e 2024, respectivamente. Quase uma d\u00e9cada depois, Cronos processou Abaddon e a empresa <strong>Plastic Head Music Distribution Ltd<\/strong> por supostamente vender produtos com logotipo do Venom sem sua autoriza\u00e7\u00e3o.<\/p>\n<p>&#8211; Advertisement &#8211;<\/p>\n<p>Agora, tanto o baterista quanto Mantas tentam provar na Justi\u00e7a que tamb\u00e9m possuem direitos sobre o logo original do grupo, que apareceu pela primeira vez na capa do \u00e1lbum de estreia, <strong>\u201cWelcome to Hell\u201d<\/strong> (1981).<\/p>\n<p>A dupla, com apoio da Plastic Head, abriu uma campanha de <a href=\"https:\/\/www.gofundme.com\/f\/abaddon-and-mantas-calling-our-legions\" target=\"_blank\" rel=\"noreferrer noopener nofollow\">financiamento coletivo<\/a>, onde pretendem reunir cerca de 150 mil libras esterlinas (cerca de R$ 1 milh\u00e3o) para arcar com os custos do processo. Os m\u00fasicos declaram que qualquer valor excedente ser\u00e1 doado para a iniciativa <strong>MacMillan Cancer Charity<\/strong>, de apoio a pacientes com c\u00e2ncer.<\/p>\n<p>Jeff \u201cMantas\u201d Dunn permaneceu no Venom desde sua funda\u00e7\u00e3o, em 1979, at\u00e9 1986, com um retorno entre os anos de 1989 e 2002. J\u00e1 Anthony \u201cAbaddon\u201d Bray teve uma \u00fanica passagem pela banda, do in\u00edcio at\u00e9 1999, quando saiu definitivamente. Suas vagas s\u00e3o ocupadas atualmente por <strong>Stuart \u201cLa Rage\u201d Dixon<\/strong> (guitarra, desde 2007) e <strong>Danny \u201cDant\u00e9\u201d Needham<\/strong> (bateria, desde 2009).<\/p>\n<p> Venom Inc. e problemas de sa\u00fade <\/p>\n<p>Os dois ter\u00e7os do Venom original criaram o Venom Inc., mas nenhum dos dois m\u00fasicos faz mais parte do projeto, ambos por motivos de sa\u00fade. O primeiro a abandonar o barco foi Abaddon, em 2018, inicialmente devido ao nascimento de sua filha, mas poucos anos depois, em 2022, foi diagnosticado com c\u00e2ncer, do qual j\u00e1 est\u00e1 recuperado.<\/p>\n<p>Tamb\u00e9m em 2018, Mantas sofreu um ataque card\u00edaco, que se repetiu em 2024, afastando-o das atividades da banda. Atualmente, al\u00e9m de Tony Dolan (que tamb\u00e9m tocou no Venom entre 1989 e 1995) nos vocais e baixo, o Venom Inc. conta com <strong>Curran \u201cBeleth\u201d Murphy<\/strong> na guitarra e <strong>Marc \u201cJXN\u201d Jackson<\/strong> na bateria.<\/p>\n<p>O grupo se prop\u00f5e a ser mais do que uma esp\u00e9cie de tributo ao passado do Venom: al\u00e9m de executar ao vivo can\u00e7\u00f5es de todas as fases, o grupo tem dois \u00e1lbuns de est\u00fadio com faixas pr\u00f3prias lan\u00e7ados: <strong>\u201cAv\u00e9\u201d<\/strong> (2017) e <strong>\u201cThere\u2019s Only Black\u201d<\/strong> (2022). O Venom oficial, comandado por Cronos, tem <strong>\u201cStorm the Gates\u201d<\/strong> (2018) como seu trabalho de in\u00e9ditas mais recente.<\/p>\n<p><strong>Clique<\/strong> para seguir IgorMiranda.com.br no: <a href=\"https:\/\/instagram.com\/igormirandasite\" target=\"_blank\" rel=\"noreferrer noopener nofollow\">Instagram<\/a> | <a href=\"https:\/\/bsky.app\/profile\/igormirandasite.bsky.social\" target=\"_blank\" rel=\"noreferrer noopener nofollow\">Bluesky<\/a> | <a href=\"https:\/\/twitter.com\/igormirandasite\" target=\"_blank\" rel=\"noreferrer noopener nofollow\">Twitter<\/a> | <a href=\"https:\/\/tiktok.com\/@igormirandasite\" target=\"_blank\" rel=\"noreferrer noopener nofollow\">TikTok<\/a> | <a href=\"https:\/\/facebook.com\/igormirandasite\" target=\"_blank\" rel=\"noreferrer noopener nofollow\">Facebook<\/a> | <a href=\"https:\/\/www.youtube.com\/igormirandasite\" target=\"_blank\" rel=\"noreferrer noopener nofollow\">YouTube<\/a> | <a href=\"https:\/\/www.threads.net\/@igormirandasite\" target=\"_blank\" rel=\"noreferrer noopener nofollow\">Threads<\/a>.<\/p>\n<p> <script async src=\"https:\/\/platform.twitter.com\/widgets.js\" charset=\"utf-8\"><\/script><script async src=\"\/\/www.instagram.com\/embed.js\"><\/script><script async src=\"\/\/www.tiktok.com\/embed.js\"><\/script><\/p>\n","protected":false},"excerpt":{"rendered":"Os dois ex-integrantes da forma\u00e7\u00e3o original do Venom, Jeff \u201cMantas\u201d Dunn (guitarra) e Anthony \u201cAbaddon\u201d Bray (bateria), se&hellip;\n","protected":false},"author":2,"featured_media":50970,"comment_status":"","ping_status":"","sticky":false,"template":"","format":"standard","meta":{"footnotes":""},"categories":[141],"tags":[114,115,149,150,32,33,13279,14873],"class_list":{"0":"post-50969","1":"post","2":"type-post","3":"status-publish","4":"format-standard","5":"has-post-thumbnail","7":"category-musica","8":"tag-entertainment","9":"tag-entretenimento","10":"tag-music","11":"tag-musica","12":"tag-portugal","13":"tag-pt","14":"tag-venom","15":"tag-venom-inc"},"share_on_mastodon":{"url":"","error":""},"_links":{"self":[{"href":"https:\/\/www.europesays.com\/pt\/wp-json\/wp\/v2\/posts\/50969","targetHints":{"allow":["GET"]}}],"collection":[{"href":"https:\/\/www.europesays.com\/pt\/wp-json\/wp\/v2\/posts"}],"about":[{"href":"https:\/\/www.europesays.com\/pt\/wp-json\/wp\/v2\/types\/post"}],"author":[{"embeddable":true,"href":"https:\/\/www.europesays.com\/pt\/wp-json\/wp\/v2\/users\/2"}],"replies":[{"embeddable":true,"href":"https:\/\/www.europesays.com\/pt\/wp-json\/wp\/v2\/comments?post=50969"}],"version-history":[{"count":0,"href":"https:\/\/www.europesays.com\/pt\/wp-json\/wp\/v2\/posts\/50969\/revisions"}],"wp:featuredmedia":[{"embeddable":true,"href":"https:\/\/www.europesays.com\/pt\/wp-json\/wp\/v2\/media\/50970"}],"wp:attachment":[{"href":"https:\/\/www.europesays.com\/pt\/wp-json\/wp\/v2\/media?parent=50969"}],"wp:term":[{"taxonomy":"category","embeddable":true,"href":"https:\/\/www.europesays.com\/pt\/wp-json\/wp\/v2\/categories?post=50969"},{"taxonomy":"post_tag","embeddable":true,"href":"https:\/\/www.europesays.com\/pt\/wp-json\/wp\/v2\/tags?post=50969"}],"curies":[{"name":"wp","href":"https:\/\/api.w.org\/{rel}","templated":true}]}}