{"id":509702,"date":"2026-09-03T00:53:33","date_gmt":"2026-09-03T00:53:33","guid":{"rendered":"https:\/\/www.europesays.com\/pt\/509702\/"},"modified":"2026-09-03T00:53:33","modified_gmt":"2026-09-03T00:53:33","slug":"echeverri-junta-se-a-lista-lembra-se-dos-emprestimos-que-passaram-pela-luz-fotos","status":"publish","type":"post","link":"https:\/\/www.europesays.com\/pt\/509702\/","title":{"rendered":"Echeverri junta-se \u00e0 lista: lembra-se dos empr\u00e9stimos que passaram pela Luz? (fotos)"},"content":{"rendered":"<p>                                                    <img decoding=\"async\" class=\"max-w-295 h-[calc(100vh-400px)] w-full select-none rounded-t object-contain object-center transition-opacity duration-500 ease-out\" src=\"https:\/\/www.europesays.com\/pt\/wp-content\/uploads\/2026\/09\/1788396794_960_ccd1c0a4-1547-4bdc-83fe-135b9c2a2465.jpg\" alt=\"Claudio Echeverri (2026\/27). *Empr\u00e9stimo com op\u00e7\u00e3o de compra no valor de \u20ac15 M.\" loading=\"lazy\" x-data=\"{ loaded: false }\" x-init=\"loaded = $el.complete\" x-on:load=\"loaded = true\" :class=\"loaded ? 'opacity-100' : 'opacity-0'\" x-show=\"imageGalleryOpened &amp;&amp; imageGalleryImageIndex == 1\"\/><\/p>\n<p>                                        \/ 30<\/p>\n<p>                                        Claudio Echeverri (2026\/27). *Empr\u00e9stimo com op\u00e7\u00e3o de compra no valor de \u20ac15 M.<\/p>\n<p>                                                    <img decoding=\"async\" class=\"max-w-295 h-[calc(100vh-400px)] w-full select-none rounded-t object-contain object-center transition-opacity duration-500 ease-out\" src=\"https:\/\/www.europesays.com\/pt\/wp-content\/uploads\/2026\/09\/1788396794_927_d90ca1eb-72eb-4cf7-b40d-e608c40c1a88.jpg\" alt=\"Souffian El Karouani (2026\/27). *Empr\u00e9stimo com op\u00e7\u00e3o de compra no valor de \u20ac10 M.\" loading=\"lazy\" x-data=\"{ loaded: false }\" x-init=\"loaded = $el.complete\" x-on:load=\"loaded = true\" :class=\"loaded ? 'opacity-100' : 'opacity-0'\" x-show=\"imageGalleryOpened &amp;&amp; imageGalleryImageIndex == 2\"\/><\/p>\n<p>                                        \/ 30<\/p>\n<p>                                        Souffian El Karouani (2026\/27). *Empr\u00e9stimo com op\u00e7\u00e3o de compra no valor de \u20ac10 M.<\/p>\n<p>                                                    <img decoding=\"async\" class=\"max-w-295 h-[calc(100vh-400px)] w-full select-none rounded-t object-contain object-center transition-opacity duration-500 ease-out\" src=\"https:\/\/www.europesays.com\/pt\/wp-content\/uploads\/2026\/09\/8f09d0fc-14f9-4a15-8247-73f823903058.jpg\" alt=\"Cl\u00e9ment Lenglet (2026\/27). *Empr\u00e9stimo com cl\u00e1usula de compra obrigat\u00f3ria.\" loading=\"lazy\" x-data=\"{ loaded: false }\" x-init=\"loaded = $el.complete\" x-on:load=\"loaded = true\" :class=\"loaded ? 'opacity-100' : 'opacity-0'\" x-show=\"imageGalleryOpened &amp;&amp; imageGalleryImageIndex == 3\"\/><\/p>\n<p>                                        \/ 30<\/p>\n<p>                                        Cl\u00e9ment Lenglet (2026\/27). *Empr\u00e9stimo com cl\u00e1usula de compra obrigat\u00f3ria.<\/p>\n<p>                                                    <img decoding=\"async\" class=\"max-w-295 h-[calc(100vh-400px)] w-full select-none rounded-t object-contain object-center transition-opacity duration-500 ease-out\" src=\"https:\/\/www.europesays.com\/pt\/wp-content\/uploads\/2026\/09\/8a6a3942-e8ee-451f-8953-a76b27d83690.png\" alt=\"Enzo Barrenechea (2025\/26) - 43 jogos, 2 golos e 1 assist\u00eancia. *Empr\u00e9stimo com cl\u00e1usula de compra obrigat\u00f3ria no valor de \u20ac12 M.\" loading=\"lazy\" x-data=\"{ loaded: false }\" x-init=\"loaded = $el.complete\" x-on:load=\"loaded = true\" :class=\"loaded ? 'opacity-100' : 'opacity-0'\" x-show=\"imageGalleryOpened &amp;&amp; imageGalleryImageIndex == 4\"\/><\/p>\n<p>                                        \/ 30<\/p>\n<p>                                        Enzo Barrenechea (2025\/26) &#8211; 43 jogos, 2 golos e 1 assist\u00eancia. *Empr\u00e9stimo com cl\u00e1usula de compra obrigat\u00f3ria no valor de \u20ac12 M.<\/p>\n<p>                                                    <img decoding=\"async\" class=\"max-w-295 h-[calc(100vh-400px)] w-full select-none rounded-t object-contain object-center transition-opacity duration-500 ease-out\" src=\"https:\/\/www.europesays.com\/pt\/wp-content\/uploads\/2026\/09\/e442956b-52ab-4c05-93f0-db08c0282f3e.jpg\" alt=\"Heorhii Sudakov (2025\/26) - 36 jogos, 4 golos e 5 assist\u00eancias. *Empr\u00e9stimo com cl\u00e1usula de compra obrigat\u00f3ria no valor de \u20ac20,25 M.\" loading=\"lazy\" x-data=\"{ loaded: false }\" x-init=\"loaded = $el.complete\" x-on:load=\"loaded = true\" :class=\"loaded ? 'opacity-100' : 'opacity-0'\" x-show=\"imageGalleryOpened &amp;&amp; imageGalleryImageIndex == 5\"\/><\/p>\n<p>                                        \/ 30<\/p>\n<p>                                        Heorhii Sudakov (2025\/26) &#8211; 36 jogos, 4 golos e 5 assist\u00eancias. *Empr\u00e9stimo com cl\u00e1usula de compra obrigat\u00f3ria no valor de \u20ac20,25 M.<\/p>\n<p>                                                    <img decoding=\"async\" class=\"max-w-295 h-[calc(100vh-400px)] w-full select-none rounded-t object-contain object-center transition-opacity duration-500 ease-out\" src=\"https:\/\/www.europesays.com\/pt\/wp-content\/uploads\/2026\/09\/b3da9dfb-1665-4217-b2b2-3cef45f06364.jpg\" alt=\"Samuel Dahl (2024\/25) - 22 jogos e 5 assist\u00eancias. *Empr\u00e9stimo com cl\u00e1usula de compra obrigat\u00f3ria no valor de \u20ac8,55 M.\" loading=\"lazy\" x-data=\"{ loaded: false }\" x-init=\"loaded = $el.complete\" x-on:load=\"loaded = true\" :class=\"loaded ? 'opacity-100' : 'opacity-0'\" x-show=\"imageGalleryOpened &amp;&amp; imageGalleryImageIndex == 6\"\/><\/p>\n<p>                                        \/ 30<\/p>\n<p>                                        Samuel Dahl (2024\/25) &#8211; 22 jogos e 5 assist\u00eancias. *Empr\u00e9stimo com cl\u00e1usula de compra obrigat\u00f3ria no valor de \u20ac8,55 M.<\/p>\n<p>                                                    <img decoding=\"async\" class=\"max-w-295 h-[calc(100vh-400px)] w-full select-none rounded-t object-contain object-center transition-opacity duration-500 ease-out\" src=\"https:\/\/www.europesays.com\/pt\/wp-content\/uploads\/2026\/09\/5a63743c-1ad2-4cfd-9475-61db59466818.jpg\" alt=\"Issa Kabor\u00e9 (2024\/25) - 7 jogos.\" loading=\"lazy\" x-data=\"{ loaded: false }\" x-init=\"loaded = $el.complete\" x-on:load=\"loaded = true\" :class=\"loaded ? 'opacity-100' : 'opacity-0'\" x-show=\"imageGalleryOpened &amp;&amp; imageGalleryImageIndex == 7\"\/><\/p>\n<p>                                        \/ 30<\/p>\n<p>                                        Issa Kabor\u00e9 (2024\/25) &#8211; 7 jogos.<\/p>\n<p>                                                    <img decoding=\"async\" class=\"max-w-295 h-[calc(100vh-400px)] w-full select-none rounded-t object-contain object-center transition-opacity duration-500 ease-out\" src=\"https:\/\/www.europesays.com\/pt\/wp-content\/uploads\/2026\/09\/a26d0206-4b8b-4827-8b0b-0c194355c9ae.jpg\" alt=\"Emprestado pelo Burnley no ver\u00e3o de 2024, Zeki Amdouni fez 43 jogos, 9 golos e 2 assist\u00eancias, insuficiente para convencer as \u00e1guias a pagar os 20 milh\u00f5es de euros da op\u00e7\u00e3o de compra - Foto: IMAGO\" loading=\"lazy\" x-data=\"{ loaded: false }\" x-init=\"loaded = $el.complete\" x-on:load=\"loaded = true\" :class=\"loaded ? 'opacity-100' : 'opacity-0'\" x-show=\"imageGalleryOpened &amp;&amp; imageGalleryImageIndex == 8\"\/><\/p>\n<p>                                        \/ 30<\/p>\n<p>                                        Emprestado pelo Burnley no ver\u00e3o de 2024, Zeki Amdouni fez 43 jogos, 9 golos e 2 assist\u00eancias, insuficiente para convencer as \u00e1guias a pagar os 20 milh\u00f5es de euros da op\u00e7\u00e3o de compra &#8211; Foto: IMAGO<\/p>\n<p>                                                    <img decoding=\"async\" class=\"max-w-295 h-[calc(100vh-400px)] w-full select-none rounded-t object-contain object-center transition-opacity duration-500 ease-out\" src=\"https:\/\/www.europesays.com\/pt\/wp-content\/uploads\/2026\/09\/9e099ed1-e7cd-4915-b35e-42c3f8808ed7.jpg\" alt=\"Renato Sanches, m\u00e9dio campe\u00e3o europeu por Portugal, n\u00e3o teve o regresso que desejava. Emprestado pelo PSG, passou grande parte do tempo lesionado, somando  21 jogos. As \u00e1guias n\u00e3o acionaram a op\u00e7\u00e3o de compra\" loading=\"lazy\" x-data=\"{ loaded: false }\" x-init=\"loaded = $el.complete\" x-on:load=\"loaded = true\" :class=\"loaded ? 'opacity-100' : 'opacity-0'\" x-show=\"imageGalleryOpened &amp;&amp; imageGalleryImageIndex == 9\"\/><\/p>\n<p>                                        \/ 30<\/p>\n<p>                                        Renato Sanches, m\u00e9dio campe\u00e3o europeu por Portugal, n\u00e3o teve o regresso que desejava. Emprestado pelo PSG, passou grande parte do tempo lesionado, somando  21 jogos. As \u00e1guias n\u00e3o acionaram a op\u00e7\u00e3o de compra<\/p>\n<p>                                                    <img decoding=\"async\" class=\"max-w-295 h-[calc(100vh-400px)] w-full select-none rounded-t object-contain object-center transition-opacity duration-500 ease-out\" src=\"https:\/\/www.europesays.com\/pt\/wp-content\/uploads\/2026\/09\/03b89769-af86-45a1-8211-f97d2fa96a7b.jpg\" alt=\"Andrea Belotti (2024\/25) - 24 jogos e 4 golos.\" loading=\"lazy\" x-data=\"{ loaded: false }\" x-init=\"loaded = $el.complete\" x-on:load=\"loaded = true\" :class=\"loaded ? 'opacity-100' : 'opacity-0'\" x-show=\"imageGalleryOpened &amp;&amp; imageGalleryImageIndex == 10\"\/><\/p>\n<p>                                        \/ 30<\/p>\n<p>                                        Andrea Belotti (2024\/25) &#8211; 24 jogos e 4 golos.<\/p>\n<p>                                                    <img decoding=\"async\" class=\"max-w-295 h-[calc(100vh-400px)] w-full select-none rounded-t object-contain object-center transition-opacity duration-500 ease-out\" src=\"https:\/\/www.europesays.com\/pt\/wp-content\/uploads\/2026\/09\/f2e658a6-564e-4d98-9900-76c9c21591a1.jpg\" alt=\"Juan Bernat (2023\/24) - 7 jogos.\" loading=\"lazy\" x-data=\"{ loaded: false }\" x-init=\"loaded = $el.complete\" x-on:load=\"loaded = true\" :class=\"loaded ? 'opacity-100' : 'opacity-0'\" x-show=\"imageGalleryOpened &amp;&amp; imageGalleryImageIndex == 11\"\/><\/p>\n<p>                                        \/ 30<\/p>\n<p>                                        Juan Bernat (2023\/24) &#8211; 7 jogos.<\/p>\n<p>                                                    <img decoding=\"async\" class=\"max-w-295 h-[calc(100vh-400px)] w-full select-none rounded-t object-contain object-center transition-opacity duration-500 ease-out\" src=\"https:\/\/www.europesays.com\/pt\/wp-content\/uploads\/2026\/09\/2738f909-6ba5-456a-8928-7442f7485208.jpg\" alt=\"Gustavo Marques (2023\/24) - 1 jogo.\" loading=\"lazy\" x-data=\"{ loaded: false }\" x-init=\"loaded = $el.complete\" x-on:load=\"loaded = true\" :class=\"loaded ? 'opacity-100' : 'opacity-0'\" x-show=\"imageGalleryOpened &amp;&amp; imageGalleryImageIndex == 12\"\/><\/p>\n<p>                                        \/ 30<\/p>\n<p>                                        Gustavo Marques (2023\/24) &#8211; 1 jogo.<\/p>\n<p>                                                    <img decoding=\"async\" class=\"max-w-295 h-[calc(100vh-400px)] w-full select-none rounded-t object-contain object-center transition-opacity duration-500 ease-out\" src=\"https:\/\/www.europesays.com\/pt\/wp-content\/uploads\/2026\/09\/a7b1c900-e4c2-4456-ae91-d0d0a22df013.jpg\" alt=\"Benjam\u00edn Rollheiser (2023\/24) - 9 jogos e 1 golo.\" loading=\"lazy\" x-data=\"{ loaded: false }\" x-init=\"loaded = $el.complete\" x-on:load=\"loaded = true\" :class=\"loaded ? 'opacity-100' : 'opacity-0'\" x-show=\"imageGalleryOpened &amp;&amp; imageGalleryImageIndex == 13\"\/><\/p>\n<p>                                        \/ 30<\/p>\n<p>                                        Benjam\u00edn Rollheiser (2023\/24) &#8211; 9 jogos e 1 golo.<\/p>\n<p>                                                    <img decoding=\"async\" class=\"max-w-295 h-[calc(100vh-400px)] w-full select-none rounded-t object-contain object-center transition-opacity duration-500 ease-out\" src=\"https:\/\/www.europesays.com\/pt\/wp-content\/uploads\/2026\/09\/10007c33-fb05-433e-8f76-622d2d25bc11.jpg\" alt=\"\u00c1lvaro Carreras (2023\/24) - 16 jogos e 1 golo.\" loading=\"lazy\" x-data=\"{ loaded: false }\" x-init=\"loaded = $el.complete\" x-on:load=\"loaded = true\" :class=\"loaded ? 'opacity-100' : 'opacity-0'\" x-show=\"imageGalleryOpened &amp;&amp; imageGalleryImageIndex == 14\"\/><\/p>\n<p>                                        \/ 30<\/p>\n<p>                                        \u00c1lvaro Carreras (2023\/24) &#8211; 16 jogos e 1 golo.<\/p>\n<p>                                                    <img decoding=\"async\" class=\"max-w-295 h-[calc(100vh-400px)] w-full select-none rounded-t object-contain object-center transition-opacity duration-500 ease-out\" src=\"https:\/\/www.europesays.com\/pt\/wp-content\/uploads\/2026\/09\/05fc6f8a-ee8d-4013-a3e0-035bcbaebd5a.jpg\" alt=\"Gon\u00e7alo Guedes (2022\/23 e 2023\/24) - 29 jogos, 2 golos 1 assist\u00eancia.\" loading=\"lazy\" x-data=\"{ loaded: false }\" x-init=\"loaded = $el.complete\" x-on:load=\"loaded = true\" :class=\"loaded ? 'opacity-100' : 'opacity-0'\" x-show=\"imageGalleryOpened &amp;&amp; imageGalleryImageIndex == 15\"\/><\/p>\n<p>                                        \/ 30<\/p>\n<p>                                        Gon\u00e7alo Guedes (2022\/23 e 2023\/24) &#8211; 29 jogos, 2 golos 1 assist\u00eancia.<\/p>\n<p>                                                    <img decoding=\"async\" class=\"max-w-295 h-[calc(100vh-400px)] w-full select-none rounded-t object-contain object-center transition-opacity duration-500 ease-out\" src=\"https:\/\/www.europesays.com\/pt\/wp-content\/uploads\/2026\/09\/9de612bf-b3af-463d-b57e-57696d1c61a2.jpg\" alt=\"Julian Draxler (2022\/23) - 18 jogos e 2 golos.\" loading=\"lazy\" x-data=\"{ loaded: false }\" x-init=\"loaded = $el.complete\" x-on:load=\"loaded = true\" :class=\"loaded ? 'opacity-100' : 'opacity-0'\" x-show=\"imageGalleryOpened &amp;&amp; imageGalleryImageIndex == 16\"\/><\/p>\n<p>                                        \/ 30<\/p>\n<p>                                        Julian Draxler (2022\/23) &#8211; 18 jogos e 2 golos.<\/p>\n<p>                                                    <img decoding=\"async\" class=\"max-w-295 h-[calc(100vh-400px)] w-full select-none rounded-t object-contain object-center transition-opacity duration-500 ease-out\" src=\"https:\/\/www.europesays.com\/pt\/wp-content\/uploads\/2026\/09\/d21370d3-9987-4de1-8c5f-8ac908e30b98.jpg\" alt=\"No mesmo ano cehgou Nemanja Radonjic, que fez 11 jogos e 1 golo durante o empr\u00e9stimo do Marselha, insuficiente para as \u00e1guias ativarem a op\u00e7\u00e3o de compra de 7 milh\u00f5es de euros\" loading=\"lazy\" x-data=\"{ loaded: false }\" x-init=\"loaded = $el.complete\" x-on:load=\"loaded = true\" :class=\"loaded ? 'opacity-100' : 'opacity-0'\" x-show=\"imageGalleryOpened &amp;&amp; imageGalleryImageIndex == 17\"\/><\/p>\n<p>                                        \/ 30<\/p>\n<p>                                        No mesmo ano cehgou Nemanja Radonjic, que fez 11 jogos e 1 golo durante o empr\u00e9stimo do Marselha, insuficiente para as \u00e1guias ativarem a op\u00e7\u00e3o de compra de 7 milh\u00f5es de euros<\/p>\n<p>                                                    <img decoding=\"async\" class=\"max-w-295 h-[calc(100vh-400px)] w-full select-none rounded-t object-contain object-center transition-opacity duration-500 ease-out\" src=\"https:\/\/www.europesays.com\/pt\/wp-content\/uploads\/2026\/09\/b910ff69-2c7b-42c5-a345-231aae1af416.jpg\" alt=\"Valentin L\u00e1zaro (2021\/22) - 29 jogos, 1 assist\u00eancia.\" loading=\"lazy\" x-data=\"{ loaded: false }\" x-init=\"loaded = $el.complete\" x-on:load=\"loaded = true\" :class=\"loaded ? 'opacity-100' : 'opacity-0'\" x-show=\"imageGalleryOpened &amp;&amp; imageGalleryImageIndex == 18\"\/><\/p>\n<p>                                        \/ 30<\/p>\n<p>                                        Valentin L\u00e1zaro (2021\/22) &#8211; 29 jogos, 1 assist\u00eancia.<\/p>\n<p>                                                    <img decoding=\"async\" class=\"max-w-295 h-[calc(100vh-400px)] w-full select-none rounded-t object-contain object-center transition-opacity duration-500 ease-out\" src=\"https:\/\/www.europesays.com\/pt\/wp-content\/uploads\/2026\/09\/94933395-f996-4dbd-9d45-7c8814a186ee.jpg\" alt=\"Jean-Clair Todibo chegou ao Benfica no in\u00edcio da \u00e9poca 2020\/21 por empr\u00e9stimo do Barcelona. Era uma grande promessa do futebol espanhol, mas s\u00f3 fez dois jogos e saiu pouco mais de tr\u00eas meses depois\" loading=\"lazy\" x-data=\"{ loaded: false }\" x-init=\"loaded = $el.complete\" x-on:load=\"loaded = true\" :class=\"loaded ? 'opacity-100' : 'opacity-0'\" x-show=\"imageGalleryOpened &amp;&amp; imageGalleryImageIndex == 19\"\/><\/p>\n<p>                                        \/ 30<\/p>\n<p>                                        Jean-Clair Todibo chegou ao Benfica no in\u00edcio da \u00e9poca 2020\/21 por empr\u00e9stimo do Barcelona. Era uma grande promessa do futebol espanhol, mas s\u00f3 fez dois jogos e saiu pouco mais de tr\u00eas meses depois<\/p>\n<p>                                                    <img decoding=\"async\" class=\"max-w-295 h-[calc(100vh-400px)] w-full select-none rounded-t object-contain object-center transition-opacity duration-500 ease-out\" src=\"https:\/\/www.europesays.com\/pt\/wp-content\/uploads\/2026\/09\/6e1ad1f4-a8b4-4888-8934-b929a87adc2d.jpg\" alt=\"Dyego Sousa (2019\/20) - 13 jogos e 2 assist\u00eancias.\" loading=\"lazy\" x-data=\"{ loaded: false }\" x-init=\"loaded = $el.complete\" x-on:load=\"loaded = true\" :class=\"loaded ? 'opacity-100' : 'opacity-0'\" x-show=\"imageGalleryOpened &amp;&amp; imageGalleryImageIndex == 20\"\/><\/p>\n<p>                                        \/ 30<\/p>\n<p>                                        Dyego Sousa (2019\/20) &#8211; 13 jogos e 2 assist\u00eancias.<\/p>\n<p>                                                    <img decoding=\"async\" class=\"max-w-295 h-[calc(100vh-400px)] w-full select-none rounded-t object-contain object-center transition-opacity duration-500 ease-out\" src=\"https:\/\/www.europesays.com\/pt\/wp-content\/uploads\/2026\/09\/e7910d0a-e214-468d-9c9e-bddd6aaa34e1.jpg\" alt=\"S\u00e9bastien Corchia (2018\/19) - 8 jogos.\" loading=\"lazy\" x-data=\"{ loaded: false }\" x-init=\"loaded = $el.complete\" x-on:load=\"loaded = true\" :class=\"loaded ? 'opacity-100' : 'opacity-0'\" x-show=\"imageGalleryOpened &amp;&amp; imageGalleryImageIndex == 21\"\/><\/p>\n<p>                                        \/ 30<\/p>\n<p>                                        S\u00e9bastien Corchia (2018\/19) &#8211; 8 jogos.<\/p>\n<p>                                                    <img decoding=\"async\" class=\"max-w-295 h-[calc(100vh-400px)] w-full select-none rounded-t object-contain object-center transition-opacity duration-500 ease-out\" src=\"https:\/\/www.europesays.com\/pt\/wp-content\/uploads\/2026\/09\/d4b65968-f917-4872-8485-29cf1963cdd2.jpg\" alt=\"Douglas (2017\/18) - 11 jogos.\" loading=\"lazy\" x-data=\"{ loaded: false }\" x-init=\"loaded = $el.complete\" x-on:load=\"loaded = true\" :class=\"loaded ? 'opacity-100' : 'opacity-0'\" x-show=\"imageGalleryOpened &amp;&amp; imageGalleryImageIndex == 22\"\/><\/p>\n<p>                                        \/ 30<\/p>\n<p>                                        Douglas (2017\/18) &#8211; 11 jogos.<\/p>\n<p>                                                    <img decoding=\"async\" class=\"max-w-295 h-[calc(100vh-400px)] w-full select-none rounded-t object-contain object-center transition-opacity duration-500 ease-out\" src=\"https:\/\/www.europesays.com\/pt\/wp-content\/uploads\/2026\/09\/36a96d3b-c196-441f-965e-3e61a6bc9782.jpg\" alt=\"Gabriel Barbosa (2017\/18) - 5 jogos e 1 golo.\" loading=\"lazy\" x-data=\"{ loaded: false }\" x-init=\"loaded = $el.complete\" x-on:load=\"loaded = true\" :class=\"loaded ? 'opacity-100' : 'opacity-0'\" x-show=\"imageGalleryOpened &amp;&amp; imageGalleryImageIndex == 23\"\/><\/p>\n<p>                                        \/ 30<\/p>\n<p>                                        Gabriel Barbosa (2017\/18) &#8211; 5 jogos e 1 golo.<\/p>\n<p>                                                    <img decoding=\"async\" class=\"max-w-295 h-[calc(100vh-400px)] w-full select-none rounded-t object-contain object-center transition-opacity duration-500 ease-out\" src=\"https:\/\/www.europesays.com\/pt\/wp-content\/uploads\/2026\/09\/4d0765eb-00dd-4608-8371-364e6a7b6636.jpg\" alt=\"Danilo Barbosa (2016\/17) - 5 jogos e 1 golo.\" loading=\"lazy\" x-data=\"{ loaded: false }\" x-init=\"loaded = $el.complete\" x-on:load=\"loaded = true\" :class=\"loaded ? 'opacity-100' : 'opacity-0'\" x-show=\"imageGalleryOpened &amp;&amp; imageGalleryImageIndex == 24\"\/><\/p>\n<p>                                        \/ 30<\/p>\n<p>                                        Danilo Barbosa (2016\/17) &#8211; 5 jogos e 1 golo.<\/p>\n<p>                                                    <img decoding=\"async\" class=\"max-w-295 h-[calc(100vh-400px)] w-full select-none rounded-t object-contain object-center transition-opacity duration-500 ease-out\" src=\"https:\/\/www.europesays.com\/pt\/wp-content\/uploads\/2026\/09\/bc4f05d4-a2e4-4abc-b3f3-033a545f422e.jpg\" alt=\"Kostas Mitroglou (2015\/16) - 45 jogos, 25 golos e 3 assist\u00eancias.\" loading=\"lazy\" x-data=\"{ loaded: false }\" x-init=\"loaded = $el.complete\" x-on:load=\"loaded = true\" :class=\"loaded ? 'opacity-100' : 'opacity-0'\" x-show=\"imageGalleryOpened &amp;&amp; imageGalleryImageIndex == 25\"\/><\/p>\n<p>                                        \/ 30<\/p>\n<p>                                        Kostas Mitroglou (2015\/16) &#8211; 45 jogos, 25 golos e 3 assist\u00eancias.<\/p>\n<p>                                                    <img decoding=\"async\" class=\"max-w-295 h-[calc(100vh-400px)] w-full select-none rounded-t object-contain object-center transition-opacity duration-500 ease-out\" src=\"https:\/\/www.europesays.com\/pt\/wp-content\/uploads\/2026\/09\/c98039ba-8f1c-4610-a7fb-7a245ace8fd6.jpg\" alt=\"Jonathan Rodr\u00edguez (2014\/15) - 1 jogo.\" loading=\"lazy\" x-data=\"{ loaded: false }\" x-init=\"loaded = $el.complete\" x-on:load=\"loaded = true\" :class=\"loaded ? 'opacity-100' : 'opacity-0'\" x-show=\"imageGalleryOpened &amp;&amp; imageGalleryImageIndex == 26\"\/><\/p>\n<p>                                        \/ 30<\/p>\n<p>                                        Jonathan Rodr\u00edguez (2014\/15) &#8211; 1 jogo.<\/p>\n<p>                                                    <img decoding=\"async\" class=\"max-w-295 h-[calc(100vh-400px)] w-full select-none rounded-t object-contain object-center transition-opacity duration-500 ease-out\" src=\"https:\/\/www.europesays.com\/pt\/wp-content\/uploads\/2026\/09\/30bb14d8-4f3d-48a2-aa60-bca5fda349dd.jpg\" alt=\"Bruno Cortez (2013\/14) - 7 jogos.\" loading=\"lazy\" x-data=\"{ loaded: false }\" x-init=\"loaded = $el.complete\" x-on:load=\"loaded = true\" :class=\"loaded ? 'opacity-100' : 'opacity-0'\" x-show=\"imageGalleryOpened &amp;&amp; imageGalleryImageIndex == 27\"\/><\/p>\n<p>                                        \/ 30<\/p>\n<p>                                        Bruno Cortez (2013\/14) &#8211; 7 jogos.<\/p>\n<p>                                                    <img decoding=\"async\" class=\"max-w-295 h-[calc(100vh-400px)] w-full select-none rounded-t object-contain object-center transition-opacity duration-500 ease-out\" src=\"https:\/\/www.europesays.com\/pt\/wp-content\/uploads\/2026\/09\/99f6d909-5658-4ce7-b77d-85904ecc3467.jpg\" alt=\"S\u00edlvio (2013 a 2016) - 39 jogos e 2 assist\u00eancias em tr\u00eas \u00e9pocas emprestado.\" loading=\"lazy\" x-data=\"{ loaded: false }\" x-init=\"loaded = $el.complete\" x-on:load=\"loaded = true\" :class=\"loaded ? 'opacity-100' : 'opacity-0'\" x-show=\"imageGalleryOpened &amp;&amp; imageGalleryImageIndex == 28\"\/><\/p>\n<p>                                        \/ 30<\/p>\n<p>                                        S\u00edlvio (2013 a 2016) &#8211; 39 jogos e 2 assist\u00eancias em tr\u00eas \u00e9pocas emprestado.<\/p>\n<p>                                                    <img decoding=\"async\" class=\"max-w-295 h-[calc(100vh-400px)] w-full select-none rounded-t object-contain object-center transition-opacity duration-500 ease-out\" src=\"https:\/\/www.europesays.com\/pt\/wp-content\/uploads\/2026\/09\/8b1049d7-fe15-4fff-afab-e4b94458c257.jpg\" alt=\"Eduardo (2011\/12) - nove jogos. Foto: A BOLA\" loading=\"lazy\" x-data=\"{ loaded: false }\" x-init=\"loaded = $el.complete\" x-on:load=\"loaded = true\" :class=\"loaded ? 'opacity-100' : 'opacity-0'\" x-show=\"imageGalleryOpened &amp;&amp; imageGalleryImageIndex == 29\"\/><\/p>\n<p>                                        \/ 30<\/p>\n<p>                                        Eduardo (2011\/12) &#8211; nove jogos. Foto: A BOLA<\/p>\n<p>                                                    <img decoding=\"async\" class=\"max-w-295 h-[calc(100vh-400px)] w-full select-none rounded-t object-contain object-center transition-opacity duration-500 ease-out\" src=\"https:\/\/www.europesays.com\/pt\/wp-content\/uploads\/2026\/09\/a0d02655-e83d-45b8-bdac-7c9a2d48d542.jpg\" alt=\"Eduardo Salvio \u00e9 um dos poucos casos de sucesso de emprestados na Luz. Foto: A BOLA\" loading=\"lazy\" x-data=\"{ loaded: false }\" x-init=\"loaded = $el.complete\" x-on:load=\"loaded = true\" :class=\"loaded ? 'opacity-100' : 'opacity-0'\" x-show=\"imageGalleryOpened &amp;&amp; imageGalleryImageIndex == 30\"\/><\/p>\n<p>                                        \/ 30<\/p>\n<p>                                        Eduardo Salvio \u00e9 um dos poucos casos de sucesso de emprestados na Luz. Foto: A BOLA<\/p>\n","protected":false},"excerpt":{"rendered":"\/ 30 Claudio Echeverri (2026\/27). *Empr\u00e9stimo com op\u00e7\u00e3o de compra no valor de \u20ac15 M. \/ 30 Souffian&hellip;\n","protected":false},"author":2,"featured_media":509703,"comment_status":"","ping_status":"","sticky":false,"template":"","format":"standard","meta":{"footnotes":"","_share_on_mastodon":"0"},"categories":[8],"tags":[27,28,15,16,14,25,26,21,22,12,13,19,20,32,23,24,33,17,18,29,30,31],"class_list":["post-509702","post","type-post","status-publish","format-standard","has-post-thumbnail","category-principais-noticias","tag-breaking-news","tag-breakingnews","tag-featured-news","tag-featurednews","tag-headlines","tag-latest-news","tag-latestnews","tag-main-news","tag-mainnews","tag-news","tag-noticias","tag-noticias-principais","tag-noticiasprincipais","tag-portugal","tag-principais-noticias","tag-principaisnoticias","tag-pt","tag-top-stories","tag-topstories","tag-ultimas","tag-ultimas-noticias","tag-ultimasnoticias"],"share_on_mastodon":{"url":"https:\/\/pubeurope.com\/@pt\/117204381535732102","error":""},"_links":{"self":[{"href":"https:\/\/www.europesays.com\/pt\/wp-json\/wp\/v2\/posts\/509702","targetHints":{"allow":["GET"]}}],"collection":[{"href":"https:\/\/www.europesays.com\/pt\/wp-json\/wp\/v2\/posts"}],"about":[{"href":"https:\/\/www.europesays.com\/pt\/wp-json\/wp\/v2\/types\/post"}],"author":[{"embeddable":true,"href":"https:\/\/www.europesays.com\/pt\/wp-json\/wp\/v2\/users\/2"}],"replies":[{"embeddable":true,"href":"https:\/\/www.europesays.com\/pt\/wp-json\/wp\/v2\/comments?post=509702"}],"version-history":[{"count":0,"href":"https:\/\/www.europesays.com\/pt\/wp-json\/wp\/v2\/posts\/509702\/revisions"}],"wp:featuredmedia":[{"embeddable":true,"href":"https:\/\/www.europesays.com\/pt\/wp-json\/wp\/v2\/media\/509703"}],"wp:attachment":[{"href":"https:\/\/www.europesays.com\/pt\/wp-json\/wp\/v2\/media?parent=509702"}],"wp:term":[{"taxonomy":"category","embeddable":true,"href":"https:\/\/www.europesays.com\/pt\/wp-json\/wp\/v2\/categories?post=509702"},{"taxonomy":"post_tag","embeddable":true,"href":"https:\/\/www.europesays.com\/pt\/wp-json\/wp\/v2\/tags?post=509702"}],"curies":[{"name":"wp","href":"https:\/\/api.w.org\/{rel}","templated":true}]}}