{"id":509794,"date":"2026-09-03T02:31:16","date_gmt":"2026-09-03T02:31:16","guid":{"rendered":"https:\/\/www.europesays.com\/pt\/509794\/"},"modified":"2026-09-03T02:31:16","modified_gmt":"2026-09-03T02:31:16","slug":"vigilancia-em-saude-de-porto-alegre-alerta-para-risco-de-casos-importados-de-sarampo","status":"publish","type":"post","link":"https:\/\/www.europesays.com\/pt\/509794\/","title":{"rendered":"Vigil\u00e2ncia em Sa\u00fade de Porto Alegre alerta para risco de casos importados de sarampo"},"content":{"rendered":"<p>A Diretoria de Vigil\u00e2ncia em Sa\u00fade publicou na ter\u00e7a-feira (1\u00ba), um alerta epidemiol\u00f3gico \u00e0 rede de sa\u00fade de Porto Alegre para o risco de reintrodu\u00e7\u00e3o de casos importados de sarampo na cidade. O motivo \u00e9 o aumento no n\u00famero de casos da doen\u00e7a em pa\u00edses vizinhos ao Brasil e no estado de S\u00e3o Paulo, onde 23 casos importados j\u00e1 foram confirmados neste ano.<\/p>\n<p>O \u00f3rg\u00e3o indica que, com o fluxo de viagens entre Porto Alegre e as cidades do sudeste, \u00e9 importante que as pessoas atualizem sua situa\u00e7\u00e3o vacinal e, se tiverem sintomas compat\u00edveis com a doen\u00e7a, procurem atendimento m\u00e9dico o mais rapidamente poss\u00edvel. O sarampo \u00e9 uma doen\u00e7a extremamente transmiss\u00edvel. Nove em cada dez pessoas n\u00e3o vacinadas podem se infectar ao ter contato com o v\u00edrus.<\/p>\n<p>A vacina \u00e9 segura, eficaz e est\u00e1 dispon\u00edvel gratuitamente em todas as unidades de sa\u00fade da cidade para pessoas at\u00e9 59 anos pelo Sistema \u00danico de Sa\u00fade (SUS). O esquema vacinal depende da faixa et\u00e1ria da pessoa. A enfermeira Renata Capponi, chefe da Equipe de Imuniza\u00e7\u00f5es na Vigil\u00e2ncia em Sa\u00fade municipal, alerta que \u00e9 fundamental manter a caderneta de vacina\u00e7\u00e3o atualizada e ficar atento aos sintomas. Somente o registro da dose vale como comprova\u00e7\u00e3o da aplica\u00e7\u00e3o.<\/p>\n<p class=\"wpf-fontes-google-texto\">Priorize jornalismo independente no Google: adicione o Sul21 \u00e0s fontes preferidas.<\/p>\n<p>Em caso de febre e manchas vermelhas no corpo, associadas a tosse, coriza ou conjuntivite \u2014 especialmente ap\u00f3s viagem internacional ou a locais com circula\u00e7\u00e3o viral \u2014 a orienta\u00e7\u00e3o \u00e9 procurar atendimento m\u00e9dico imediato.<\/p>\n<p>Devem se vacinar pessoas que nunca receberam o imunizante, que estejam com esquema incompleto ou sem comprovante de vacina\u00e7\u00e3o. A vacina \u00e9 contraindicada para gestantes. Pessoas imunocomprometidas devem passar por avalia\u00e7\u00e3o m\u00e9dica antes da aplica\u00e7\u00e3o. Situa\u00e7\u00f5es espec\u00edficas s\u00e3o avaliadas individualmente nas unidades de sa\u00fade.<\/p>\n<p>No Rio Grande do Sul, o \u00faltimo \u00f3bito por sarampo foi registrado em 1997. Em 2025, Porto Alegre confirmou um caso da doen\u00e7a em pessoa com hist\u00f3rico de viagem aos Estados Unidos, prov\u00e1vel local de infec\u00e7\u00e3o. Em 2026 n\u00e3o h\u00e1 confirma\u00e7\u00e3o de casos na Capital.<\/p>\n","protected":false},"excerpt":{"rendered":"A Diretoria de Vigil\u00e2ncia em Sa\u00fade publicou na ter\u00e7a-feira (1\u00ba), um alerta epidemiol\u00f3gico \u00e0 rede de sa\u00fade de&hellip;\n","protected":false},"author":2,"featured_media":509795,"comment_status":"","ping_status":"","sticky":false,"template":"","format":"standard","meta":{"footnotes":"","_share_on_mastodon":"0"},"categories":[86],"tags":[13180,116,32,14197,33,1670,117,4806,4483,1333,2820],"class_list":["post-509794","post","type-post","status-publish","format-standard","has-post-thumbnail","category-saude","tag-dose","tag-health","tag-portugal","tag-posto-de-saude","tag-pt","tag-sarampo","tag-saude","tag-sistema-unico-de-saude","tag-sus","tag-vacina","tag-vacinacao"],"share_on_mastodon":{"url":"","error":""},"_links":{"self":[{"href":"https:\/\/www.europesays.com\/pt\/wp-json\/wp\/v2\/posts\/509794","targetHints":{"allow":["GET"]}}],"collection":[{"href":"https:\/\/www.europesays.com\/pt\/wp-json\/wp\/v2\/posts"}],"about":[{"href":"https:\/\/www.europesays.com\/pt\/wp-json\/wp\/v2\/types\/post"}],"author":[{"embeddable":true,"href":"https:\/\/www.europesays.com\/pt\/wp-json\/wp\/v2\/users\/2"}],"replies":[{"embeddable":true,"href":"https:\/\/www.europesays.com\/pt\/wp-json\/wp\/v2\/comments?post=509794"}],"version-history":[{"count":0,"href":"https:\/\/www.europesays.com\/pt\/wp-json\/wp\/v2\/posts\/509794\/revisions"}],"wp:featuredmedia":[{"embeddable":true,"href":"https:\/\/www.europesays.com\/pt\/wp-json\/wp\/v2\/media\/509795"}],"wp:attachment":[{"href":"https:\/\/www.europesays.com\/pt\/wp-json\/wp\/v2\/media?parent=509794"}],"wp:term":[{"taxonomy":"category","embeddable":true,"href":"https:\/\/www.europesays.com\/pt\/wp-json\/wp\/v2\/categories?post=509794"},{"taxonomy":"post_tag","embeddable":true,"href":"https:\/\/www.europesays.com\/pt\/wp-json\/wp\/v2\/tags?post=509794"}],"curies":[{"name":"wp","href":"https:\/\/api.w.org\/{rel}","templated":true}]}}