{"id":509804,"date":"2026-09-03T02:44:20","date_gmt":"2026-09-03T02:44:20","guid":{"rendered":"https:\/\/www.europesays.com\/pt\/509804\/"},"modified":"2026-09-03T02:44:20","modified_gmt":"2026-09-03T02:44:20","slug":"jogadoras-a-congelar-ovulos-e-avanco-enorme-ou-machismo-observador","status":"publish","type":"post","link":"https:\/\/www.europesays.com\/pt\/509804\/","title":{"rendered":"Jogadoras a congelar \u00f3vulos \u00e9 &#8220;avan\u00e7o enorme&#8221; ou &#8220;machismo&#8221;? \u2013 Observador"},"content":{"rendered":"<p>Na semana passada, o futebol feminino portugu\u00eas acordou com a not\u00edcia de que Diana Silva, jogadora do Benfica e presen\u00e7a habitual nas convocat\u00f3rias da Sele\u00e7\u00e3o Nacional, est\u00e1 gr\u00e1vida. Aos 31 anos, tornou-se a primeira jogadora portuguesa a tomar a decis\u00e3o de ser m\u00e3e durante a carreira e ainda a jogar ao mais alto n\u00edvel, recebendo o apoio do clube, da Federa\u00e7\u00e3o Portuguesa de Futebol e at\u00e9 dos rivais. Nem de prop\u00f3sito, <strong>o tema tornou-se o assunto em cima da mesa no mundo inteiro<\/strong> e \u00e0 boleia de uma entrevista de Alexia Putellas.<\/p>\n<p>Em <a href=\"https:\/\/elpais.com\/eps\/2026-08-30\/alexia-putellas-me-hubiera-encantado-que-las-jugadoras-de-los-70-y-80-hubieran-vivido-lo-que-he-vivido-yo.html?event_log=oklogin\" rel=\"nofollow noopener\" target=\"_blank\">conversa<\/a> com o jornal El Pa\u00eds, a jogadora espanhola adiantou-se \u00e0 oficializa\u00e7\u00e3o por parte da Real Federa\u00e7\u00e3o Espanhola de Futebol (RFEF) e anunciou que o organismo acabou de fechar um <strong>acordo com uma cl\u00ednica para que todas as jogadoras do pa\u00eds possam congelar \u00f3vulos <\/strong>se pretenderem atrasar a gravidez e a maternidade para uma fase posterior das carreiras ou at\u00e9 para o p\u00f3s-carreira.<\/p>\n<p>\u201cO nosso grupo de capit\u00e3s tinha esta inquieta\u00e7\u00e3o, porque \u00e9 muito importante para uma jogadora estar em Mundiais, mas isso implica que as pessoas que t\u00eam o desejo de ser m\u00e3es \u2014 eu n\u00e3o tinha, mas comecei a ter h\u00e1 algum tempo \u2014 tenham dificuldade em encaixar tudo. Depois de um trabalho incr\u00edvel da Federa\u00e7\u00e3o conseguiram chegar a acordo com uma cl\u00ednica para que exista a possibilidade de congelar \u00f3vulos enquanto as jogadoras ainda est\u00e3o no ativo e at\u00e9 quererem. <strong>Para mim \u00e9 um avan\u00e7o enorme, porque a Federa\u00e7\u00e3o percebe que est\u00e1s a servir o teu pa\u00eds enquanto vais contra o teu rel\u00f3gio biol\u00f3gico,<\/strong> que n\u00e3o podes parar e n\u00e3o podes ser m\u00e3e porque precisas do teu corpo para trabalhar\u201d, atirou a agora jogadora das inglesas do London City Lionesses, que tem 32 anos.<\/p>\n<blockquote class=\"twitter-tweet\" data-width=\"500\" data-dnt=\"true\">\n<p lang=\"pt\" dir=\"ltr\">H\u00e1 not\u00edcias que sabem ainda melhor quando s\u00e3o partilhadas em fam\u00edlia. \u2764\ufe0f<\/p>\n<p>Parab\u00e9ns, Diana! ????<\/p>\n<p>\u25b6\ufe0f <a href=\"https:\/\/t.co\/bRd6pfoyQe\" rel=\"nofollow\">https:\/\/t.co\/bRd6pfoyQe<\/a> <a href=\"https:\/\/t.co\/nf8VJPzX9p\" rel=\"nofollow\">pic.twitter.com\/nf8VJPzX9p<\/a><\/p>\n<p>\u2014 SL Benfica (@SLBenfica) <a href=\"https:\/\/x.com\/SLBenfica\/status\/2092930167924502939?ref_src=twsrc%5Etfw\" rel=\"nofollow\">August 27, 2026<\/a><\/p>\n<\/blockquote>\n<p>O acordo foi assinado com a Cl\u00ednica Tambre, em Madrid, e deve ser tornado oficial ainda durante este m\u00eas de setembro. A RFEF vai assim <strong>assumir o financiamento de todo o procedimento, que continua a ter custos muito avultados,<\/strong> e de acordo com o La Vanguardia j\u00e1 recebeu perguntas e declara\u00e7\u00f5es de interesse por parte de v\u00e1rias jogadoras que querem ser inclu\u00eddas no plano a breve prazo.<\/p>\n<p>Depois da entrevista de Alexia Putellas, foram v\u00e1rias as atuais ou antigas jogadoras a aplaudirem a decis\u00e3o da RFEF <strong>\u2014 que est\u00e1 integrada no Plano de Concilia\u00e7\u00e3o Familiar introduzido na sequ\u00eancia do Campeonato do Mundo de 2023,<\/strong> que as espanholas ganharam, mas que originou o esc\u00e2ndalo com Luis Rubiales e a consequente sa\u00edda do presidente do organismo. Neste plano, para al\u00e9m desta \u00faltima medida, encontra-se ainda ajuda financeira para que os familiares das jogadoras possam assistir aos jogos fora do pa\u00eds e a garantia de que as jogadoras que j\u00e1 s\u00e3o m\u00e3es possam ter tempo di\u00e1rio com os filhos durante as concentra\u00e7\u00f5es.<\/p>\n<p>\u201cNoutras profiss\u00f5es reformas-te aos 65 anos, a carreira de uma jogadora de futebol \u00e9 muito curta. Isto permite que elas n\u00e3o tenham de interromper as suas carreiras no seu melhor momento, permite que possam aproveitar esse momento em que est\u00e3o na sua melhor vers\u00e3o como atletas. <strong>Parece-me uma aposta muito ben\u00e9fica para as jogadoras\u201d,<\/strong> <a href=\"https:\/\/www.lavanguardia.com\/deportes\/futbol-femenino\/20260901\/11624503\/acuerdo-historico-futbolistas-puedan-congelar-ovulos.html\" rel=\"nofollow noopener\" target=\"_blank\">explicou<\/a> To\u00f1a Is, antiga internacional por Espanha e atual selecionadora do Panam\u00e1, numa opini\u00e3o corroborada por Alba Redondo, internacional espanhola que est\u00e1 na Juventus, ou Marta Corredera, outra antiga internacional espanhola que representou Real Madrid, Barcelona e Arsenal.<\/p>\n<blockquote class=\"twitter-tweet\" data-width=\"500\" data-dnt=\"true\">\n<p lang=\"es\" dir=\"ltr\">???????????? La Congelaci\u00f3n de \u00f3vulos en defensa de la maternidad.  <\/p>\n<p>En septiembre se podr\u00eda confirmar un hito importante en la RFEF.<\/p>\n<p>???? <a href=\"https:\/\/t.co\/EIOmJUwprB\" rel=\"nofollow\">https:\/\/t.co\/EIOmJUwprB<\/a> <a href=\"https:\/\/t.co\/sZOCBNPyBF\" rel=\"nofollow\">pic.twitter.com\/sZOCBNPyBF<\/a><\/p>\n<p>\u2014 TheFemaleStats (@thefemalestats) <a href=\"https:\/\/x.com\/thefemalestats\/status\/2094973694078550142?ref_src=twsrc%5Etfw\" rel=\"nofollow\">September 2, 2026<\/a><\/p>\n<\/blockquote>\n<p><strong>\u201cNem todas as mulheres est\u00e3o biol\u00f3gica ou mentalmente no mesmo s\u00edtio.<\/strong> Parece-me \u00f3timo que exista esta op\u00e7\u00e3o para as jogadoras que n\u00e3o pensam ser m\u00e3es neste momento, mas que podem querer no futuro\u201d, <a href=\"https:\/\/www.lavanguardia.com\/deportes\/futbol-femenino\/20260902\/11625357\/congelacion-ovulos-futbol-medida-necesaria-machista.html\" rel=\"nofollow noopener\" target=\"_blank\">explicou<\/a> a antiga jogadora, atualmente com 35 anos, que acabou por terminar a carreira depois de decidir ser m\u00e3e. S\u00e3o casos como o de Marta Corredera, por\u00e9m, que est\u00e3o a tornar o acordo da RFEF pouco consensual.<\/p>\n<p>Se \u00e9 certo que um acordo que garante o financiamento total de um procedimento t\u00e3o caro como a preserva\u00e7\u00e3o de \u00f3vulos \u00e9 sempre uma boa not\u00edcia para as jogadoras de futebol, tamb\u00e9m \u00e9 certo que parece que a RFEF <strong>est\u00e1 a pressionar as jogadoras a adiarem as respetivas gravidezes para que n\u00e3o interrompam as carreiras no ativo.<\/strong> Que o diz, pelo menos, \u00e9 Ana Peleteiro, atleta espanhola do triplo salto que acabou de ser m\u00e3e pela segunda vez.<\/p>\n<p>\u201cE se uma medida que est\u00e3o a vender-nos como feminista for na realidade profundamente machista?\u201d, come\u00e7ou por <a href=\"https:\/\/www.elespanol.com\/deportes\/futbol\/20260902\/ana-peleteiro-iniciativa-congelar-ovulos-futbolistas-no-vendan-feminista\/1003744369752_0.html\" rel=\"nofollow noopener\" target=\"_blank\">questionar<\/a> atrav\u00e9s de um v\u00eddeo publicado nas redes sociais. \u201cO problema est\u00e1 no porqu\u00ea de a institui\u00e7\u00e3o para a qual estas mulheres trabalham ter o interesse de financiar o adiamento da sua maternidade. <strong>Esta medida pretende facilitar que as mulheres sejam m\u00e3es ou pretende facilitar que n\u00e3o o sejam enquanto ainda jogam?<\/strong> S\u00e3o coisas muito diferentes. Ao inv\u00e9s de adaptar a estrutura desportiva para que a maternidade tenha espa\u00e7o, adaptamos os tempos reprodutivos das mulheres para que continuem a ter espa\u00e7o na estrutura\u201d, acrescenta Ana Peleteiro, que foi medalha de bronze nos Jogos Ol\u00edmpicos de T\u00f3quio em 2021.<\/p>\n<p>Mais \u00e0 frente, a atleta defende que o facto de esta op\u00e7\u00e3o existir pode originar press\u00f5es por parte da RFEF. \u201cQuando esta op\u00e7\u00e3o te \u00e9 oferecida pela institui\u00e7\u00e3o da qual depende a tua carreira profissional, em que momento \u00e9 que uma op\u00e7\u00e3o pode come\u00e7ar a converter-se numa expectativa? Se podias congelar \u00f3vulos, por que \u00e9 que decidiste engravidar agora?<strong> Pode gerar press\u00e3o sobre uma decis\u00e3o que devia pertencer exclusivamente \u00e0 mulher.<\/strong> A pergunta n\u00e3o devia ser como \u00e9 que conseguimos que uma atleta possa atrasar a maternidade, mas sim como \u00e9 que conseguimos que ser m\u00e3e n\u00e3o penalize a carreira de uma atleta\u201d, vincou.<\/p>\n<p>De recordar que, em 2020 e muito na sequ\u00eancia do diferendo entre Sara Bj\u00f6rk Gunnarsd\u00f3ttir e o Lyon depois de a islandesa ter sido m\u00e3e, a FIFA decretou que <strong>nenhum clube pode rescindir contrato com uma jogadora que decida engravidar,<\/strong> para al\u00e9m de tornar obrigat\u00f3rias as 14 semanas de licen\u00e7a remunerada depois do parto. Para al\u00e9m disso, o organismo que regula o futebol mundial estabeleceu ainda outras condi\u00e7\u00f5es como salas reservadas em que as jogadoras possam amamentar nas instala\u00e7\u00f5es do clube, creches e jardins de inf\u00e2ncia com profissionais durante os jogos e treinos e acompanhamento profissional especializado durante a gravidez e o p\u00f3s-parto.<\/p>\n<p>Para Ana Peleteiro, por\u00e9m, continua a existir \u201cum abismo\u201d entre oferecer alternativas e \u201cconstruir um sistema em que a op\u00e7\u00e3o mais conveniente para a institui\u00e7\u00e3o seja que n\u00e3o aconte\u00e7a j\u00e1\u201d, <strong>defendendo uma maior prote\u00e7\u00e3o dos contratos durante a gravidez,<\/strong> a garantia da reintegra\u00e7\u00e3o no plantel depois da licen\u00e7a de maternidade, o respeito pelos tempos de recupera\u00e7\u00e3o e p\u00f3s-parto e ainda o facilitamento do cuidado e do acompanhamento dos filhos. E Marta Corredera, apesar de reconhecer que o acordo da RFEF \u00e9 positivo, acaba por concordar com a atleta do triplo salto.<\/p>\n<blockquote class=\"wp-embedded-content\" data-secret=\"Ilwr49LmKD\">\n<p><a href=\"https:\/\/observador.pt\/2023\/01\/18\/sara-engravidou-lyon-deixou-de-pagar-admitiu-deixar-o-futebol-ganhou-na-justica-esta-na-juventus-e-quer-ser-um-exemplo-para-todos\/\" rel=\"nofollow noopener\" target=\"_blank\">Sara engravidou, Lyon deixou de pagar. Admitiu deixar o futebol. Ganhou na justi\u00e7a, est\u00e1 na Juventus e quer ser um exemplo para todas<\/a><\/p>\n<\/blockquote>\n<p>\u201cAinda falta muito para que todas as mulheres que querem ficar gr\u00e1vidas no ativo possam faz\u00ea-lo. Para mim \u00e9 muito mais importante garantir que uma jogadora que queira ficar gr\u00e1vida possa estar tranquila, que tenha um pr\u00e9 e p\u00f3s-parto em condi\u00e7\u00f5es. E \u00e9 preciso insistir nisso, mas as medidas que existem atualmente s\u00e3o insuficientes. <strong>A jogadora continua a sentir-se insegura, muito insegura, na hora de planear a maternidade\u201d,<\/strong> disse.<\/p>\n<p>Antes da RFEF, tamb\u00e9m a FIFPro, o sindicato de jogadores profissionais de futebol, anunciou h\u00e1 algum tempo uma colabora\u00e7\u00e3o com um centro de reprodu\u00e7\u00e3o assistida para ajudar todas as jogadoras sindicalizadas em quest\u00f5es relacionadas com a maternidade. A n\u00edvel de clubes, o Chelsea tamb\u00e9m revelou j\u00e1 este ver\u00e3o que <strong>chegou a um acordo semelhante ao da RFEF com uma cl\u00ednica de fertilidade para proteger as jogadoras.<\/strong> Fora do futebol, no t\u00e9nis, a WTA introduziu em 2025 uma norma batizada como Regra de Especial Prote\u00e7\u00e3o da Fertilidade, prevendo que as tenistas possam retirar-se temporariamente da competi\u00e7\u00e3o para serem m\u00e3es ou congelar \u00f3vulos, regressando aos courts com a classifica\u00e7\u00e3o protegida, ou seja, sem que o seu ranking seja prejudicado pela aus\u00eancia.<\/p>\n<p>            <script async src=\"https:\/\/platform.twitter.com\/widgets.js\" charset=\"utf-8\"><\/script><\/p>\n","protected":false},"excerpt":{"rendered":"Na semana passada, o futebol feminino portugu\u00eas acordou com a not\u00edcia de que Diana Silva, jogadora do Benfica&hellip;\n","protected":false},"author":2,"featured_media":509805,"comment_status":"","ping_status":"","sticky":false,"template":"","format":"standard","meta":{"footnotes":"","_share_on_mastodon":"0"},"categories":[87],"tags":[135,640,445,524,62,32,33,134],"class_list":["post-509804","post","type-post","status-publish","format-standard","has-post-thumbnail","category-desporto","tag-desporto","tag-espanha","tag-europa","tag-futebol","tag-mundo","tag-portugal","tag-pt","tag-sports"],"share_on_mastodon":{"url":"https:\/\/pubeurope.com\/@pt\/117204816269918243","error":""},"_links":{"self":[{"href":"https:\/\/www.europesays.com\/pt\/wp-json\/wp\/v2\/posts\/509804","targetHints":{"allow":["GET"]}}],"collection":[{"href":"https:\/\/www.europesays.com\/pt\/wp-json\/wp\/v2\/posts"}],"about":[{"href":"https:\/\/www.europesays.com\/pt\/wp-json\/wp\/v2\/types\/post"}],"author":[{"embeddable":true,"href":"https:\/\/www.europesays.com\/pt\/wp-json\/wp\/v2\/users\/2"}],"replies":[{"embeddable":true,"href":"https:\/\/www.europesays.com\/pt\/wp-json\/wp\/v2\/comments?post=509804"}],"version-history":[{"count":0,"href":"https:\/\/www.europesays.com\/pt\/wp-json\/wp\/v2\/posts\/509804\/revisions"}],"wp:featuredmedia":[{"embeddable":true,"href":"https:\/\/www.europesays.com\/pt\/wp-json\/wp\/v2\/media\/509805"}],"wp:attachment":[{"href":"https:\/\/www.europesays.com\/pt\/wp-json\/wp\/v2\/media?parent=509804"}],"wp:term":[{"taxonomy":"category","embeddable":true,"href":"https:\/\/www.europesays.com\/pt\/wp-json\/wp\/v2\/categories?post=509804"},{"taxonomy":"post_tag","embeddable":true,"href":"https:\/\/www.europesays.com\/pt\/wp-json\/wp\/v2\/tags?post=509804"}],"curies":[{"name":"wp","href":"https:\/\/api.w.org\/{rel}","templated":true}]}}