{"id":50983,"date":"2025-08-30T01:39:15","date_gmt":"2025-08-30T01:39:15","guid":{"rendered":"https:\/\/www.europesays.com\/pt\/50983\/"},"modified":"2025-08-30T01:39:15","modified_gmt":"2025-08-30T01:39:15","slug":"vacina-contra-dengue-para-criancas-de-6-a-14-anos-e-ampliada","status":"publish","type":"post","link":"https:\/\/www.europesays.com\/pt\/50983\/","title":{"rendered":"vacina contra dengue para crian\u00e7as de 6 a 14 anos \u00e9 ampliada"},"content":{"rendered":"<p>A Prefeitura de Belo Horizonte (PBH) anunciou que vai disponibilizar a vacina contra a dengue em todos os 153 centros de sa\u00fade, al\u00e9m do Servi\u00e7o de Aten\u00e7\u00e3o \u00e0 Sa\u00fade do Viajante, a partir desta segunda-feira (1\u00ba\/9), para crian\u00e7as e adolescentes de 6 a 14 anos. <a href=\"https:\/\/prefeitura.pbh.gov.br\/saude\/informacoes\/vigilancia\/vigilancia-epidemiologica\/doencas-transmissiveis\/dengue\/vacinacaodengue\" rel=\"nofollow noopener\" target=\"_blank\"><strong>Os endere\u00e7os e hor\u00e1rios podem ser conferidos clicando neste link<\/strong><\/a>. O munic\u00edpio recebeu mais de 10 mil doses do imunizante.<\/p>\n<p>Conforme o Executivo municipal, foram aplicadas mais de 160 mil doses da vacina Qdenga na capital mineira, 113 mil como primeira dose e 50 mil como segunda dose. A cobertura para a primeira dose est\u00e1 em 50,8%, e 22,6% para a segunda, ainda distante da meta do Minist\u00e9rio da Sa\u00fade, que \u00e9 de, no m\u00ednimo, 90%.<\/p>\n<p>\u201cO esquema vacinal da Qdenga \u00e9 composto por duas doses, com intervalo de tr\u00eas meses entre elas. A orienta\u00e7\u00e3o para quem teve diagn\u00f3stico recente de dengue \u00e9 aguardar seis meses a partir do in\u00edcio dos sintomas para come\u00e7ar o esquema vacinal contra a doen\u00e7a. Caso a pessoa contraia dengue ap\u00f3s tomar a primeira dose, n\u00e3o h\u00e1 altera\u00e7\u00e3o no intervalo entre as aplica\u00e7\u00f5es, desde que a segunda dose n\u00e3o seja administrada em um per\u00edodo inferior a 30 dias do in\u00edcio da doen\u00e7a\u201d, informou a PBH.<\/p>\n<p>Para que a crian\u00e7a ou adolescente seja imunizado, \u00e9 necess\u00e1rio que esteja acompanhado dos pais ou respons\u00e1veis. Tamb\u00e9m \u00e9 preciso apresentar documento de identifica\u00e7\u00e3o com foto ou certid\u00e3o de nascimento, CPF, comprovante de endere\u00e7o e cart\u00e3o de vacina.<\/p>\n<p>\u00a0<\/p>\n","protected":false},"excerpt":{"rendered":"A Prefeitura de Belo Horizonte (PBH) anunciou que vai disponibilizar a vacina contra a dengue em todos os&hellip;\n","protected":false},"author":2,"featured_media":50984,"comment_status":"","ping_status":"","sticky":false,"template":"","format":"standard","meta":{"footnotes":""},"categories":[86],"tags":[14876,116,32,33,117,14877],"class_list":{"0":"post-50983","1":"post","2":"type-post","3":"status-publish","4":"format-standard","5":"has-post-thumbnail","7":"category-saude","8":"tag-bh","9":"tag-health","10":"tag-portugal","11":"tag-pt","12":"tag-saude","13":"tag-vacina-dengue"},"share_on_mastodon":{"url":"","error":""},"_links":{"self":[{"href":"https:\/\/www.europesays.com\/pt\/wp-json\/wp\/v2\/posts\/50983","targetHints":{"allow":["GET"]}}],"collection":[{"href":"https:\/\/www.europesays.com\/pt\/wp-json\/wp\/v2\/posts"}],"about":[{"href":"https:\/\/www.europesays.com\/pt\/wp-json\/wp\/v2\/types\/post"}],"author":[{"embeddable":true,"href":"https:\/\/www.europesays.com\/pt\/wp-json\/wp\/v2\/users\/2"}],"replies":[{"embeddable":true,"href":"https:\/\/www.europesays.com\/pt\/wp-json\/wp\/v2\/comments?post=50983"}],"version-history":[{"count":0,"href":"https:\/\/www.europesays.com\/pt\/wp-json\/wp\/v2\/posts\/50983\/revisions"}],"wp:featuredmedia":[{"embeddable":true,"href":"https:\/\/www.europesays.com\/pt\/wp-json\/wp\/v2\/media\/50984"}],"wp:attachment":[{"href":"https:\/\/www.europesays.com\/pt\/wp-json\/wp\/v2\/media?parent=50983"}],"wp:term":[{"taxonomy":"category","embeddable":true,"href":"https:\/\/www.europesays.com\/pt\/wp-json\/wp\/v2\/categories?post=50983"},{"taxonomy":"post_tag","embeddable":true,"href":"https:\/\/www.europesays.com\/pt\/wp-json\/wp\/v2\/tags?post=50983"}],"curies":[{"name":"wp","href":"https:\/\/api.w.org\/{rel}","templated":true}]}}