{"id":509830,"date":"2026-09-03T03:33:19","date_gmt":"2026-09-03T03:33:19","guid":{"rendered":"https:\/\/www.europesays.com\/pt\/509830\/"},"modified":"2026-09-03T03:33:19","modified_gmt":"2026-09-03T03:33:19","slug":"windows-11-tem-finalmente-um-botao-para-dizer-adeus-ao-onedrive","status":"publish","type":"post","link":"https:\/\/www.europesays.com\/pt\/509830\/","title":{"rendered":"Windows 11 tem finalmente um bot\u00e3o para dizer adeus ao OneDrive"},"content":{"rendered":"<p>A Microsoft come\u00e7ou a disponibilizar uma altera\u00e7\u00e3o h\u00e1 muito aguardada pelos utilizadores do Windows 11. O sistema passa agora a incluir uma op\u00e7\u00e3o direta para recusar, de forma definitiva, a sincroniza\u00e7\u00e3o de c\u00f3pias de seguran\u00e7a com o OneDrive. A novidade surge nas vers\u00f5es est\u00e1veis mais recentes e responde a uma das maiores queixas da comunidade.<\/p>\n<p><a target=\"_blank\" href=\"https:\/\/www.europesays.com\/pt\/wp-content\/uploads\/2026\/09\/windows_11_onedrive.jpg\" onclick=\"refreshIframe()\" class=\"foobox\"><img fetchpriority=\"high\" decoding=\"async\" src=\"https:\/\/www.europesays.com\/pt\/wp-content\/uploads\/2026\/09\/windows_11_onedrive.jpg\" alt=\"Windows 11 OneDrive backup bot\u00e3o Microsoft\" width=\"1200\" height=\"675\" class=\"aligncenter size-full wp-image-1138432\"  \/><\/a>\n<\/p>\n<p>O fim dos avisos insistentes no Windows 11<\/p>\n<p>At\u00e9 aqui, o ecr\u00e3 de configura\u00e7\u00e3o e os lembretes do sistema n\u00e3o ofereciam uma sa\u00edda permanente a quem preferia n\u00e3o utilizar a plataforma na cloud. As \u00fanicas alternativas vis\u00edveis passavam por aceitar a sincroniza\u00e7\u00e3o ou adiar o aviso por tr\u00eas dias, al\u00e9m da op\u00e7\u00e3o tempor\u00e1ria de ignorar o processo durante a instala\u00e7\u00e3o inicial da m\u00e1quina.<\/p>\n<p>Com a introdu\u00e7\u00e3o desta nova interface, o ecr\u00e3 completo de c\u00f3pia de seguran\u00e7a passa a exibir um bot\u00e3o expl\u00edcito para rejeitar o servi\u00e7o. A escolha regista a recusa do utilizador e impede o reaparecimento constante de janelas a solicitar a ativa\u00e7\u00e3o do servi\u00e7o da Microsoft no computador.<\/p>\n<p><a target=\"_blank\" href=\"https:\/\/www.europesays.com\/pt\/wp-content\/uploads\/2026\/09\/Windows-11-OneDrive-backup-opt-out.jpg\" onclick=\"refreshIframe()\" class=\"foobox\"><img loading=\"lazy\" decoding=\"async\" src=\"https:\/\/www.europesays.com\/pt\/wp-content\/uploads\/2026\/09\/Windows-11-OneDrive-backup-opt-out.jpg\" alt=\"Windows 11 OneDrive backup bot\u00e3o Microsoft\" width=\"1200\" height=\"681\" class=\"aligncenter wp-image-1138429\"  \/><\/a><\/p>\n<p>A nova op\u00e7\u00e3o para rejeitar o backup na cloud<\/p>\n<p>A nova funcionalidade atua especificamente sobre a notifica\u00e7\u00e3o de configura\u00e7\u00e3o do Windows Backup e n\u00e3o remove ficheiros pr\u00e9-existentes nem desinstala a aplica\u00e7\u00e3o. Trata-se de um mecanismo concebido para respeitar a decis\u00e3o de quem j\u00e1 desativou ou desinstalou o cliente de sincroniza\u00e7\u00e3o e continuava a receber propostas indesejadas do sistema operativo.<\/p>\n<p>Esta mudan\u00e7a ganha particular relev\u00e2ncia face \u00e0s limita\u00e7\u00f5es de espa\u00e7o das contas gratuitas da Microsoft, que oferecem apenas 5 GB partilhados entre ficheiros e anexos de correio eletr\u00f3nico. Muitos utilizadores optam por solu\u00e7\u00f5es externas de armazenamento f\u00edsico, servidores de rede locais ou servi\u00e7os cloud alternativos que melhor respondem \u00e0s suas necessidades.<\/p>\n<p><a target=\"_blank\" href=\"https:\/\/www.europesays.com\/pt\/wp-content\/uploads\/2026\/09\/OneDrive-Backup-is-recommended-screen.jpg\" onclick=\"refreshIframe()\" class=\"foobox\"><img loading=\"lazy\" decoding=\"async\" src=\"https:\/\/www.europesays.com\/pt\/wp-content\/uploads\/2026\/09\/OneDrive-Backup-is-recommended-screen.jpg\" alt=\"Windows 11 OneDrive backup bot\u00e3o Microsoft\" width=\"1200\" height=\"799\" class=\"aligncenter wp-image-1138430\"  \/><\/a><\/p>\n<p>Mais controlo e liberdade dada pela Microsoft<\/p>\n<p>A novidade foi identificada em computadores com a vers\u00e3o est\u00e1vel 25H2 do Windows 11, embora a tecnol\u00f3gica ainda n\u00e3o tenha detalhado formalmente a distribui\u00e7\u00e3o no registo oficial de atualiza\u00e7\u00f5es. O lan\u00e7amento est\u00e1 a ser efetuado de forma gradual, surgindo diretamente nas configura\u00e7\u00f5es do sistema ou por ativa\u00e7\u00e3o remota nos servidores da empresa.<\/p>\n<p>Com esta atualiza\u00e7\u00e3o, a Microsoft d\u00e1 um passo importante na melhoria da experi\u00eancia de utiliza\u00e7\u00e3o do Windows 11. O sistema recupera a flexibilidade necess\u00e1ria para que cada utilizador defina as suas prefer\u00eancias de seguran\u00e7a e armazenamento sem interrup\u00e7\u00f5es recorrentes.<\/p>\n","protected":false},"excerpt":{"rendered":"A Microsoft come\u00e7ou a disponibilizar uma altera\u00e7\u00e3o h\u00e1 muito aguardada pelos utilizadores do Windows 11. O sistema passa&hellip;\n","protected":false},"author":2,"featured_media":509831,"comment_status":"","ping_status":"","sticky":false,"template":"","format":"standard","meta":{"footnotes":"","_share_on_mastodon":"0"},"categories":[84],"tags":[81680,14643,109,107,108,906,42297,32,33,105,103,104,106,110,1732],"class_list":["post-509830","post","type-post","status-publish","format-standard","has-post-thumbnail","category-ciencia-e-tecnologia","tag-backup","tag-botao","tag-ciencia","tag-ciencia-e-tecnologia","tag-cienciaetecnologia","tag-microsoft","tag-onedrive","tag-portugal","tag-pt","tag-science","tag-science-and-technology","tag-scienceandtechnology","tag-technology","tag-tecnologia","tag-windows-11"],"share_on_mastodon":{"url":"https:\/\/pubeurope.com\/@pt\/117205009392844841","error":""},"_links":{"self":[{"href":"https:\/\/www.europesays.com\/pt\/wp-json\/wp\/v2\/posts\/509830","targetHints":{"allow":["GET"]}}],"collection":[{"href":"https:\/\/www.europesays.com\/pt\/wp-json\/wp\/v2\/posts"}],"about":[{"href":"https:\/\/www.europesays.com\/pt\/wp-json\/wp\/v2\/types\/post"}],"author":[{"embeddable":true,"href":"https:\/\/www.europesays.com\/pt\/wp-json\/wp\/v2\/users\/2"}],"replies":[{"embeddable":true,"href":"https:\/\/www.europesays.com\/pt\/wp-json\/wp\/v2\/comments?post=509830"}],"version-history":[{"count":0,"href":"https:\/\/www.europesays.com\/pt\/wp-json\/wp\/v2\/posts\/509830\/revisions"}],"wp:featuredmedia":[{"embeddable":true,"href":"https:\/\/www.europesays.com\/pt\/wp-json\/wp\/v2\/media\/509831"}],"wp:attachment":[{"href":"https:\/\/www.europesays.com\/pt\/wp-json\/wp\/v2\/media?parent=509830"}],"wp:term":[{"taxonomy":"category","embeddable":true,"href":"https:\/\/www.europesays.com\/pt\/wp-json\/wp\/v2\/categories?post=509830"},{"taxonomy":"post_tag","embeddable":true,"href":"https:\/\/www.europesays.com\/pt\/wp-json\/wp\/v2\/tags?post=509830"}],"curies":[{"name":"wp","href":"https:\/\/api.w.org\/{rel}","templated":true}]}}