{"id":50987,"date":"2025-08-30T01:51:12","date_gmt":"2025-08-30T01:51:12","guid":{"rendered":"https:\/\/www.europesays.com\/pt\/50987\/"},"modified":"2025-08-30T01:51:12","modified_gmt":"2025-08-30T01:51:12","slug":"confira-as-mensagens-trocadas-por-junno-andrade-marido-de-xuxa","status":"publish","type":"post","link":"https:\/\/www.europesays.com\/pt\/50987\/","title":{"rendered":"Confira as mensagens trocadas por Junno Andrade, marido de Xuxa,"},"content":{"rendered":"<p>O ator <a href=\"https:\/\/www.otempo.com.br\/entretenimento\/2025\/8\/29\/marido-de-xuxa-teria-se-encontrado-com-massagista-em-sp-e-tudo-e-exposto\" rel=\"nofollow noopener\" target=\"_blank\"><strong>Junno Andrade<\/strong><\/a>, de 61 anos, marido de <a href=\"https:\/\/www.otempo.com.br\/entretenimento\/2024\/12\/13\/junno-andrade-celebra-12-anos-de-uniao-com-xuxa---a-mais-bela-\" rel=\"nofollow noopener\" target=\"_blank\"><strong>Xuxa Meneghel<\/strong><\/a>, est\u00e1 sendo comentado por ter vazado, supostamente, mensagens picantes entre ele a massagista <strong>Luana Saraiva.<\/strong><\/p>\n<p>Os prints foram divulgados pela coluna de F\u00e1bia Oliveira, no Metr\u00f3poles, onde sugerem diversos encontros entre ele e a massagista.<\/p>\n<p>\u201cVoltando do Rio te aviso. Semana que vem a gente combina\u201d, diz o m\u00fasico em uma mensagem enviada \u00e0 massagista. Em outra, ele admite que a mulher, Xuxa, sabe de suas \u201caventuras\u201d: \u201cMinha mulher sabe que fa\u00e7o massagem e que gosto\u201d, afirmou o marido da \u00a0rainha dos baixinhos.<\/p>\n<p>Em outras mensagens mais picantes, <strong>Junno Andrade<\/strong> sugere diversas posi\u00e7\u00f5es para a massagista em um ensaio sensual. \u201cTem que alongar e imaginar que vai dar a raba pro cara que voc\u00ea tem mais tes\u00e3o na vida\u201d, riu o m\u00fasico. \u201cE tem que ter mostrando mais tamb\u00e9m eu acho\u2026 Seio\u2026 No caso, pra mandar pra quem gosta de nuru [tipo de massagem]. At\u00e9 sem calcinha, sem ser de perna aberta n\u00e9\u201d, brincou novamente.<\/p>\n<p>De acordo com a massagista em entrevista \u00e0 F\u00e1bia Oliveira, ela e <strong>Junno Andrade <\/strong>relatou que os dois tiveram ao menos dois encontros.<\/p>\n<p>\u201cMarcamos a massagem no Brooklin [bairro de S\u00e3o Paulo], local que eu alugava sala para atendimento, e sa\u00edmos para comer depois pr\u00f3ximo dali. Ele disse que a esposa sabia que ele fazia massagem\u201d, afirmou <strong>Luana Saraiva.<\/strong><\/p>\n","protected":false},"excerpt":{"rendered":"O ator Junno Andrade, de 61 anos, marido de Xuxa Meneghel, est\u00e1 sendo comentado por ter vazado, supostamente,&hellip;\n","protected":false},"author":2,"featured_media":50988,"comment_status":"","ping_status":"","sticky":false,"template":"","format":"standard","meta":{"footnotes":""},"categories":[145],"tags":[211,210,114,115,14878,32,33,2757],"class_list":{"0":"post-50987","1":"post","2":"type-post","3":"status-publish","4":"format-standard","5":"has-post-thumbnail","7":"category-celebridades","8":"tag-celebridades","9":"tag-celebrities","10":"tag-entertainment","11":"tag-entretenimento","12":"tag-junno-andrade","13":"tag-portugal","14":"tag-pt","15":"tag-xuxa-meneghel"},"share_on_mastodon":{"url":"","error":""},"_links":{"self":[{"href":"https:\/\/www.europesays.com\/pt\/wp-json\/wp\/v2\/posts\/50987","targetHints":{"allow":["GET"]}}],"collection":[{"href":"https:\/\/www.europesays.com\/pt\/wp-json\/wp\/v2\/posts"}],"about":[{"href":"https:\/\/www.europesays.com\/pt\/wp-json\/wp\/v2\/types\/post"}],"author":[{"embeddable":true,"href":"https:\/\/www.europesays.com\/pt\/wp-json\/wp\/v2\/users\/2"}],"replies":[{"embeddable":true,"href":"https:\/\/www.europesays.com\/pt\/wp-json\/wp\/v2\/comments?post=50987"}],"version-history":[{"count":0,"href":"https:\/\/www.europesays.com\/pt\/wp-json\/wp\/v2\/posts\/50987\/revisions"}],"wp:featuredmedia":[{"embeddable":true,"href":"https:\/\/www.europesays.com\/pt\/wp-json\/wp\/v2\/media\/50988"}],"wp:attachment":[{"href":"https:\/\/www.europesays.com\/pt\/wp-json\/wp\/v2\/media?parent=50987"}],"wp:term":[{"taxonomy":"category","embeddable":true,"href":"https:\/\/www.europesays.com\/pt\/wp-json\/wp\/v2\/categories?post=50987"},{"taxonomy":"post_tag","embeddable":true,"href":"https:\/\/www.europesays.com\/pt\/wp-json\/wp\/v2\/tags?post=50987"}],"curies":[{"name":"wp","href":"https:\/\/api.w.org\/{rel}","templated":true}]}}