{"id":509874,"date":"2026-09-03T04:33:35","date_gmt":"2026-09-03T04:33:35","guid":{"rendered":"https:\/\/www.europesays.com\/pt\/509874\/"},"modified":"2026-09-03T04:33:35","modified_gmt":"2026-09-03T04:33:35","slug":"fc-porto-gabriel-driblou-ate-a-fome-e-no-fim-ficou-tudo-mec","status":"publish","type":"post","link":"https:\/\/www.europesays.com\/pt\/509874\/","title":{"rendered":"FC Porto: Gabriel driblou at\u00e9 a fome e no fim ficou tudo \u00abMec\u00bb"},"content":{"rendered":"<p>\u00abT\u00c1 MEC!\u00bb<\/p>\n<p>&#8211; Express\u00e3o carioca.<\/p>\n<p>&#8211; Sin\u00f3nimo de tranquilidade e sucesso.<\/p>\n<p>Quando aos nove anos trocou o Rio de Janeiro pelo Rio Grande do Sul, Gabriel Ferreira de Carvalho virou \u00abMec\u00bb.<\/p>\n<p>O ar descontra\u00eddo, \u00abbem tranquil\u00e3o\u00bb, com que o novo menino do Rio convivia tanto com os colegas como com a bola fez com que a \u00abgurizada\u00bb do centro de treinos do Gr\u00e9mio o batizasse com a g\u00edria carioca. A nova alcunha assentou-lhe t\u00e3o bem como a camisola do tricolor ga\u00facho.<\/p>\n<p>Gabriel passou a ser Mec e ganhou nome no futebol brasileiro. Agora, aos 18 anos, cumpre o sonho de jogar na Europa, \u00e0 boleia do FC Porto, que o apresenta esta quarta-feira como novo refor\u00e7o para a equipa de Francesco Farioli, por 11 milh\u00f5es de euros.<\/p>\n<p><a href=\"https:\/\/maisfutebol.iol.pt\/brasil\/fc-porto\/luis-castro-e-a-ida-de-gabriel-mec-para-o-fc-porto-compraram-um-talento-puro\" rel=\"nofollow noopener\" target=\"_blank\">Este \u00abtalento puro\u00bb, como definiu por estes dias o portugu\u00eas Lu\u00eds Castro<\/a>, o seu \u00faltimo treinador no Gr\u00e9mio, \u00e9 um menino precoce.<\/p>\n<p>Tinha ainda 14 anos quando os seus direitos de imagem passaram a geridos pela empresa do pai de Neymar (a NR Sports). Com 16 anos e 292 dias, estreou-se na equipa profissional do Gr\u00e9mio, mais cedo do que, por exemplo, Ronaldinho Ga\u00facho.<\/p>\n<p>  <img loading=\"lazy\" decoding=\"async\" alt=\"\" height=\"338\" src=\"https:\/\/www.europesays.com\/pt\/wp-content\/uploads\/2026\/09\/6a976867d34ed0733ba82fe8.webp\" width=\"600\"\/> <\/p>\n<p>    Gabriel Mec em casa de Neymar <\/p>\n<p>Antes desta nova etapa de afirma\u00e7\u00e3o, apesar da juventude, Gabriel tem uma grande hist\u00f3ria para contar, como explica ao <strong>Maisfutebol<\/strong> quem o viu crescer no desporto e na vida.<\/p>\n<p> De Campos dos Goytacazes para uma pens\u00e3o em Porto Alegre <\/p>\n<p>Come\u00e7ou a dar os primeiros toques na bola na Vila Ol\u00edmpica do Parque Guarus, em Campos dos Goytacazes, sua cidade natal, mas foi no Rio de Janeiro, na Copa Dente de Leite, que aquele menino a quem sobrava em habilidade o que faltava em corpo acabou por ser descoberto por um olheiro do Gr\u00e9mio.<\/p>\n<p>Em 2018, Gabriel e a m\u00e3e, Dona Ana M\u00e1rcia, mudaram-se ent\u00e3o de armas e bagagens para Porto Alegre, a quase dois mil quil\u00f3metros da casa da fam\u00edlia, onde ficaram o irm\u00e3o e o pai, \u00abSeu\u00bb Robson, que desde 2013 trabalhava como diretor de log\u00edstica, apesar de ser formado em pedagogia.<\/p>\n<p>M\u00e3e e filho, de apenas nove anos, foram viver para uma pens\u00e3o em Porto Alegre, que albergava mais 60 h\u00f3spedes, perto do Centro de Treinos Parque Cristal.<\/p>\n<p>Estranharam a mudan\u00e7a, revela ao <strong>Maisfutebol<\/strong> William Mikhailenko, que durante 18 anos foi coordenador do futebol de forma\u00e7\u00e3o do Gr\u00e9mio e acompanhou Mec desde a sua chegada \u00e0 capital ga\u00facha.<\/p>\n<p>  <img loading=\"lazy\" decoding=\"async\" alt=\"\" height=\"875\" src=\"https:\/\/www.europesays.com\/pt\/wp-content\/uploads\/2026\/09\/6a976271d34e511da0b367fd.webp\" width=\"700\"\/> <\/p>\n<p>    Os primeiros tempos de Gabriel Mec nos escal\u00f5es jovens do Gr\u00e9mio de Porto Alegre <\/p>\n<p>\u00abO sul do Brasil \u00e9 bem mais frio do que o Rio, a comida \u00e9 diferente\u2026 Foi dif\u00edcil a adapta\u00e7\u00e3o, mas ele sempre foi um garoto muito focado no objetivo de ser profissional de futebol. A m\u00e3e trabalhou como cozinheira na pens\u00e3o. Na verdade, fazia um pouco de tudo. Moraram uns tr\u00eas anos l\u00e1, at\u00e9 que o pai e o irm\u00e3o se mudaram tamb\u00e9m para Porto Alegre\u00bb, come\u00e7a por dizer William \u00e0 nossa reportagem.<\/p>\n<p> A pandemia quase o deixou sem teto <\/p>\n<p>Apesar dos obst\u00e1culos, o plano estava a ser cumprido. At\u00e9 que os tempos de incerteza da Covid-19 viraram do avesso a vida de Gabriel Mec e da sua fam\u00edlia.<\/p>\n<p>\u00abA pandemia afetou economicamente toda a gente. Na \u00e9poca, o clube teve de se reorganizar, de cortar apoios a muitos jovens jogadores e o Gabriel foi um dos afetados. Os treinos pararam, a fam\u00edlia ficou abalada com a situa\u00e7\u00e3o. Ponderaram voltar para o Rio, mas ele, apesar de nessa altura ter 12 anos, teve uma voz ativa. Disse que queria ficar porque iria vencer. Apesar de ser muito jovem, a palavra dele pesou muito na decis\u00e3o da fam\u00edlia\u00bb, salienta o ex-respons\u00e1vel do futebol jovem gremista.<\/p>\n<p>Logo ap\u00f3s a mudan\u00e7a para Porto Alegre, durante a pandemia, o pai de Gabriel ficou desempregado. Sem trabalho e sem apoio do clube, a fam\u00edlia ficou em s\u00e9rio risco de ficar tamb\u00e9m sem teto, como recordou o pr\u00f3prio pai numa reportagem ao portal brasileiro UOL.<\/p>\n<p>\u00ab\u00cdamos ser despejados. Eu n\u00e3o tinha dinheiro para pagar a renda e n\u00e3o tinha outro lugar para morar. Andava a procurar locais na rua onde desse para viver: se seria debaixo do viaduto ou em frente a uma padaria. Eu e o Gabriel corr\u00edamos sempre na rua, mas nessa altura eu dizia que estava cansado e que preferia andar. Na verdade, estava era a olhar com aten\u00e7\u00e3o para encontrar algum s\u00edtio. Lembro-me de ter escolhido uma esquina em frente uma padaria, mas o Gabriel n\u00e3o queria ficar ali, por ter medo de um c\u00e3o que l\u00e1 estava\u00bb, afirmou Robson Macedo, revelando tamb\u00e9m o desespero de n\u00e3o ter como alimentar a sua fam\u00edlia: \u00abAtirei a tolha. Virei-me para a minha fam\u00edlia e disse que aquela sexta-feira seria o \u00faltimo dia que ter\u00edamos algo para comer\u2026\u00bb<\/p>\n<p>  <img loading=\"lazy\" decoding=\"async\" alt=\"\" height=\"338\" src=\"https:\/\/www.europesays.com\/pt\/wp-content\/uploads\/2026\/09\/6a9767dbd34e511da0b367ff.webp\" width=\"600\"\/> <\/p>\n<p>    Gabriel Mec com a fam\u00edlia, em Porto Alegre, em 2020 <\/p>\n<p>A solidariedade acabou por salvar a fam\u00edlia de Gabriel Mec desse per\u00edodo dram\u00e1tico, revelou na mesma reportagem Ana M\u00e1rcia, a m\u00e3e do jovem jogador: \u00abNo dia seguinte, algu\u00e9m bateu no port\u00e3o e gritou \u201cMec Mec\u201d! Era um casal de adeptos do Gr\u00e9mio, que soube das nossas dificuldades e veio doar-nos duas cestas b\u00e1sicas. Contei \u00edamos ser despejados e uma vizinha \u2013 a m\u00e3e de Lucas Camilo, ent\u00e3o jogador do Gr\u00e9mio e tamb\u00e9m ele internacional jovem pelo Brasil \u2013 ouviu a hist\u00f3ria e levou-nos para morar uns tempos com ela.\u00bb<\/p>\n<p>Os meses mais conturbados da pandemia passaram, a m\u00e3e de Mec arranjou trabalho na padaria da fam\u00edlia de Nathan Fernandes, outro colega de equipa, o Gr\u00e9mio voltou a pagar as ajudas de custo aos jovens da forma\u00e7\u00e3o e Gabriel Mec acabou por se afirmar como uma das maiores promessas do clube.<\/p>\n<p> Da \u201cvirada de chave\u201d ao grande desafio em Portugal <\/p>\n<p>\u00abA virada de chave dele acontece nos sub-13. Ele era mais franzino e mesmo assim conseguia destacar-se contra os meninos mais fortes. Ali\u00e1s, o Gabriel foi tema numa reuni\u00e3o de in\u00edcio de \u00e9poca do departamento de futebol jovem do Gr\u00e9mio e o t\u00e9cnico Allan Barcellos (hoje nos sub-20 do Palmeiras) passou a acompanh\u00e1-lo de muito perto. A partir da\u00ed, ele disparou. Em 2023, foi convocado para a sele\u00e7\u00e3o brasileira de sub-15 e no ano seguinte j\u00e1 estava a treinar com a equipa de sub-20. A gera\u00e7\u00e3o dele tamb\u00e9m ajudava muito. O Tiago Augusto, que hoje joga na equipa profissional, era um suporte muito bom para ele dentro e fora de campo. Jogavam juntos no meio-campo, combinavam muito bem\u00bb, recorda William.<\/p>\n<p>C\u00e9sar Lopes, Cesinha, ex-treinador da forma\u00e7\u00e3o no Gr\u00e9mio, que trabalhou nas \u00faltimas duas \u00e9pocas em Portugal, ao servi\u00e7o dos sub-23 do Portimonense, recorda-se bem do primeiro impacto com o jovem talento.<\/p>\n<p>\u00abChamou-me \u00e0 aten\u00e7\u00e3o quando tinha 13 anos, no EFIPAN, um torneio de internacional de futebol jovem muito conceituado aqui na regi\u00e3o. Vi um menino muito forte no um para um, com uma capacidade invulgar de drible e diferenciado do ponto de vista t\u00e9cnico\u00bb, recorda Cesinha, detalhando, em seguida, com a perspetiva de quem j\u00e1 conhece o futebol portugu\u00eas, os desafios que Mec vai ter para se afirmar nos drag\u00f5es.<\/p>\n<p>  <img loading=\"lazy\" decoding=\"async\" alt=\"\" height=\"338\" src=\"https:\/\/www.europesays.com\/pt\/wp-content\/uploads\/2026\/09\/6a947ba5d34e511da0b360de.webp\" width=\"600\"\/> <\/p>\n<p>    Gabriel Mec estreou-se com 16 anos na equipa principal do Gr\u00e9mio de Porto Alegre\u00a0 <\/p>\n<p>\u00abO FC Porto vai ser muito bom para alavancar a carreira dele. Pode crescer muito em Portugal. A grande diferen\u00e7a a\u00ed \u00e9 a compacta\u00e7\u00e3o das equipas. No Brasil, h\u00e1 um pouco mais de espa\u00e7o para jogar. Os jogadores t\u00eam um tempo maior para pensar e executar. Quando v\u00e3o para a Europa, fazem uma rece\u00e7\u00e3o e, de repente, \u201copa, roubaram-me a bola aqui!\u201d A cobertura est\u00e1 bem mais pr\u00f3xima. \u00c9 isso que ele vai ter de praticar, ao ponto de fazer uma leitura pr\u00e9via para antecipar cada lance. Depois de dominar esse detalhe, ele vai evoluir, como aconteceu com o Pep\u00ea ou com o William Gomes. O Everton Cebolinha, por exemplo, n\u00e3o conseguiu adaptar-se\u00bb, salienta o t\u00e9cnico brasileiro, confiante na qualidade de Gabriel Mec: \u00abT\u00eam de ter paci\u00eancia, mas ele vai dar resposta. Quando dominar a bola e for para o drible vai surpreender, at\u00e9 por ser imprevis\u00edvel, por jogar bem com ambas as pernas. Tanto pode sair para a direita como para a esquerda.\u00bb<\/p>\n<p> Imprevis\u00edvel? Claro. Mas mais 10 do que \u201cbeirada\u201d <\/p>\n<p>Como quase todos os jovens talentos da sua gera\u00e7\u00e3o, Gabriel tem como grandes inspira\u00e7\u00f5es Neymar e Vinicius J\u00fanior, como afirmou numa entrevista \u00e0 Gr\u00e9mio TV.<\/p>\n<p>Joga a extremo por qualquer um dos flancos, mas quem o conhece salienta que \u00e9 sobretudo na posi\u00e7\u00e3o de m\u00e9dio ofensivo que ele potencia melhor todas as suas capacidades.<\/p>\n<p>\u00abEle jogava a extremo, mas foi migrando para o meio, que \u00e9 onde rende mais. Tem potencial para fazer as duas fun\u00e7\u00f5es, mas como extremo ele tem a tend\u00eancia de derivar mais para dentro para ter alguma liberdade, n\u00e3o sendo tanto um jogador de linha e de explorar o corredor\u00bb, analisa Cesinha.<\/p>\n<p>Luis Ferrari J\u00fanior, ex-diretor da forma\u00e7\u00e3o do Gr\u00e9mio, concorda, e faz quest\u00e3o de nos explicar a sua perspetiva.<\/p>\n<p>\u00abQuando foi utilizado no meio, ele mostrou muito futebol, mais do que pela ala. Tem drible, \u00e9 inventivo, bate bem na bola, mas n\u00e3o tem a arrancada de um \u201cbeirada\u201d (extremo). Pep\u00ea, que tamb\u00e9m saiu daqui do Gr\u00e9mio, \u00e9 um velocista, o Mec, n\u00e3o. Tem alguma velocidade, sim, mas \u00e9 um jogador de drible, de passe\u2026 Para mim, ele \u00e9 um \u201ccamisa 10\u201d\u00bb, afirma o antigo dirigente gremista, que deixou o clube em 2022 e hoje lamenta a sa\u00edda t\u00e3o precoce do jovem talento, que n\u00e3o mostrou disponibilidade para renovar o contrato que o ligava ao clube at\u00e9 2027: \u00abN\u00e3o surpreende. Hoje em dia, a \u201cgurizada\u201d est\u00e1 com muita pressa. Ele \u00e9 representado pela empresa do pai do Neymar, que fez uma parceria com o empres\u00e1rio dele, e isso ajuda tamb\u00e9m a acelerar o processo. Vamos ver a adapta\u00e7\u00e3o dele. Futebol tem, mas depende tamb\u00e9m de onde o treinador o coloca.\u00bb<\/p>\n<p> A promessa que deu certo <\/p>\n<p>Gabriel era o camisola 10 do Brasil no Mundial de sub-17 que Portugal venceu em novembro do ano passado \u2013 com v\u00e1rios jovens portistas em destaque, em particular Mateus Mide, considerado o melhor jogador da competi\u00e7\u00e3o. Em 2026, com Lu\u00eds Castro, parecia destinado \u00e0 afirma\u00e7\u00e3o na equipa principal do Gr\u00e9mio. \u00a0Desde janeiro, participou em 32 jogos na equipa profissional, fazendo tr\u00eas golos e duas assist\u00eancias.<\/p>\n<p>  <img loading=\"lazy\" decoding=\"async\" alt=\"\" height=\"886\" src=\"https:\/\/www.europesays.com\/pt\/wp-content\/uploads\/2026\/09\/6a97645ad34e511da0b367fe.webp\" width=\"700\"\/> <\/p>\n<p>    Gabriel Mec ao servi\u00e7o do Brasil, em 2025, no Mundial de sub-17 conquistado por Portugal <\/p>\n<p>Apesar de ter perdido espa\u00e7o nas op\u00e7\u00f5es do t\u00e9cnico portugu\u00eas nas \u00faltimas semanas, o caminho j\u00e1 estava a ser desbravado.<\/p>\n<p>Religioso, como toda a fam\u00edlia, com a B\u00edblia em primeiro plano, <a href=\"https:\/\/www.youtube.com\/watch?v=uhqEOwmY2V0\" rel=\"nofollow noopener\" target=\"_blank\">numa entrevista ao canal do clube, h\u00e1 dois anos<\/a>, mostrava f\u00e9 em Deus e no seu talento, ciente de j\u00e1 estar a cumprir o futuro risonho que lhe parecia destinado.<\/p>\n<p>\u00abDesde a pandemia disse aos meus pais que ia dar o meu melhor e esfor\u00e7ar-me por eles. Prometi-lhes que ia fazer tudo valer a pena. Deu certo.\u00bb<\/p>\n<p>Agora, Mec chega ao Drag\u00e3o com o r\u00f3tulo de craque.<\/p>\n<p><a href=\"https:\/\/maisfutebol.iol.pt\/fc-porto\/mercado\/video-gabriel-mec-ja-esta-no-porto-para-assinar-pelos-dragoes\" rel=\"nofollow noopener\" target=\"_blank\">Aterrou na ter\u00e7a-feira na Invicta, acompanhado pelos pais e pelo irm\u00e3o<\/a>. Atravessou o Atl\u00e2ntico cheio de sonhos na bagagem e, \u00e0 chegada, acenou com aquele jeito \u00abtranquil\u00e3o\u00bb, antes de fazer exames m\u00e9dicos e assinar pelo FC Porto.<\/p>\n<p>Para tr\u00e1s ficou Porto Alegre, a cidade onde se fez jogador, superando todas as adversidades. \u00a0A esta\u00e7\u00e3o de partida para um caminho repleto de sucesso e talvez at\u00e9 um press\u00e1gio de uma express\u00e3o feliz, de um jovem talento que quer trazer para o Porto a alegria do seu futebol.<\/p>\n<p>A alegria de um craque que driblou at\u00e9 a fome.<\/p>\n<p>E, no fim, ficou tudo \u00abMec\u00bb.<\/p>\n","protected":false},"excerpt":{"rendered":"\u00abT\u00c1 MEC!\u00bb &#8211; Express\u00e3o carioca. &#8211; Sin\u00f3nimo de tranquilidade e sucesso. Quando aos nove anos trocou o Rio&hellip;\n","protected":false},"author":2,"featured_media":509875,"comment_status":"","ping_status":"","sticky":false,"template":"","format":"standard","meta":{"footnotes":"","_share_on_mastodon":"0"},"categories":[8],"tags":[726,27,28,37032,282,15,16,56684,13995,81705,14,25,26,21,22,46,12,1996,13,19,20,19466,4677,32,23,24,33,47,679,2326,17,18,29,30,31],"class_list":["post-509874","post","type-post","status-publish","format-standard","has-post-thumbnail","category-principais-noticias","tag-brasil","tag-breaking-news","tag-breakingnews","tag-campos-dos-goytacazes","tag-fc-porto","tag-featured-news","tag-featurednews","tag-gabriel-mec","tag-gremio","tag-gremio-de-porto-alegre","tag-headlines","tag-latest-news","tag-latestnews","tag-main-news","tag-mainnews","tag-maisfutebol","tag-news","tag-neymar","tag-noticias","tag-noticias-principais","tag-noticiasprincipais","tag-perfil","tag-porto-alegre","tag-portugal","tag-principais-noticias","tag-principaisnoticias","tag-pt","tag-pura-paixao","tag-reportagem","tag-rio-de-janeiro","tag-top-stories","tag-topstories","tag-ultimas","tag-ultimas-noticias","tag-ultimasnoticias"],"share_on_mastodon":{"url":"","error":"Validation failed: Text character limit of 500 exceeded"},"_links":{"self":[{"href":"https:\/\/www.europesays.com\/pt\/wp-json\/wp\/v2\/posts\/509874","targetHints":{"allow":["GET"]}}],"collection":[{"href":"https:\/\/www.europesays.com\/pt\/wp-json\/wp\/v2\/posts"}],"about":[{"href":"https:\/\/www.europesays.com\/pt\/wp-json\/wp\/v2\/types\/post"}],"author":[{"embeddable":true,"href":"https:\/\/www.europesays.com\/pt\/wp-json\/wp\/v2\/users\/2"}],"replies":[{"embeddable":true,"href":"https:\/\/www.europesays.com\/pt\/wp-json\/wp\/v2\/comments?post=509874"}],"version-history":[{"count":0,"href":"https:\/\/www.europesays.com\/pt\/wp-json\/wp\/v2\/posts\/509874\/revisions"}],"wp:featuredmedia":[{"embeddable":true,"href":"https:\/\/www.europesays.com\/pt\/wp-json\/wp\/v2\/media\/509875"}],"wp:attachment":[{"href":"https:\/\/www.europesays.com\/pt\/wp-json\/wp\/v2\/media?parent=509874"}],"wp:term":[{"taxonomy":"category","embeddable":true,"href":"https:\/\/www.europesays.com\/pt\/wp-json\/wp\/v2\/categories?post=509874"},{"taxonomy":"post_tag","embeddable":true,"href":"https:\/\/www.europesays.com\/pt\/wp-json\/wp\/v2\/tags?post=509874"}],"curies":[{"name":"wp","href":"https:\/\/api.w.org\/{rel}","templated":true}]}}