{"id":50989,"date":"2025-08-30T01:54:13","date_gmt":"2025-08-30T01:54:13","guid":{"rendered":"https:\/\/www.europesays.com\/pt\/50989\/"},"modified":"2025-08-30T01:54:13","modified_gmt":"2025-08-30T01:54:13","slug":"ana-maria-braga-anuncia-a-volta-de-tati-machado-ja-com-o-proximo-trabalho","status":"publish","type":"post","link":"https:\/\/www.europesays.com\/pt\/50989\/","title":{"rendered":"Ana Maria Braga anuncia a volta de Tati Machado j\u00e1 com o pr\u00f3ximo trabalho"},"content":{"rendered":"<p>\n                        Tati Machado assume comando de programa da TV Globo por tr\u00eas semanas ap\u00f3s per\u00edodo de afastamento devido \u00e0 perda de seu filho Rael.\n                    <\/p>\n<p class=\"text\">Tati Machado assumir\u00e1 o comando do programa Mais Voc\u00ea durante as pr\u00f3ximas tr\u00eas semanas, substituindo Ana Maria Braga que entrar\u00e1 em per\u00edodo de f\u00e9rias. O an\u00fancio foi feito pela pr\u00f3pria Ana Maria nesta quinta-feira (28) durante a exibi\u00e7\u00e3o do matinal da TV Globo. A jornalista retorna \u00e0s atividades profissionais ap\u00f3s seu afastamento legal iniciado em maio, quando perdeu seu filho Rael.<\/p>\n<p><img loading=\"lazy\" decoding=\"async\" alt=\"Ana Maria Braga anuncia a volta de Tati Machado j\u00e1 com o pr\u00f3ximo trabalho\" class=\"img-fda26057cda7f1a72d4694a43ec40350c3rv9o2r\" height=\"435\" src=\"https:\/\/www.europesays.com\/pt\/wp-content\/uploads\/2025\/08\/2099564079-tati-machado.jpg\"  title=\"Ana Maria Braga anuncia a volta de Tati Machado j\u00e1 com o pr\u00f3ximo trabalho\" width=\"774\"\/><\/p>\n<p>Ana Maria Braga anuncia a volta de Tati Machado j\u00e1 com o pr\u00f3ximo trabalho<\/p>\n<p>Foto: Reprodu\u00e7\u00e3o\/Instagram \/ Famosos e Celebridades<\/p>\n<p class=\"text\">&#8220;N\u00f3s vamos entrar de f\u00e9rias. S\u00f3 faltam sete dias. Eu n\u00e3o lembro a \u00faltima vez que eu tirei f\u00e9rias, a n\u00e3o ser para trabalhar. Tirar f\u00e9rias para trabalhar n\u00e3o vale&#8221;, declarou Ana Maria durante o programa. A apresentadora tamb\u00e9m revelou quem ficar\u00e1 em seu lugar: &#8220;Eu tenho uma novidade em primeir\u00edssima m\u00e3o para voc\u00ea. Uma pessoa muito especial vai estar aqui para tocar o Mais Voc\u00ea nessas tr\u00eas semanas: Tati Machado&#8221;.<\/p>\n<p class=\"text\">Ana Maria explicou que o retorno de Tati coincide com o fim de seu per\u00edodo de afastamento legal. &#8220;J\u00e1 ter\u00e1 acabado o per\u00edodo de afastamento dela, que \u00e9 por lei. Ela volta ao trabalho bem aqui no Mais Voc\u00ea, que \u00e9 um pouco a casa dela tamb\u00e9m. Fiquei muito feliz com a sua volta, aqui principalmente&#8221;, afirmou a apresentadora.<\/p>\n<p class=\"text\">A jornalista n\u00e3o estar\u00e1 sozinha na condu\u00e7\u00e3o do programa matinal. &#8220;E a Tati vai estar acompanhada do Gil do Vigor&#8221;, disse Ana Maria, revelando que o ex-BBB far\u00e1 parceria com Tati durante as tr\u00eas semanas em que ela e o Louro Man\u00e9 estar\u00e3o de folga.<\/p>\n<p class=\"text\">O afastamento de Tati Machado ocorreu quando ela estava com 33 semanas de gesta\u00e7\u00e3o e percebeu a aus\u00eancia de movimentos do beb\u00ea. Ap\u00f3s buscar atendimento m\u00e9dico, exames constataram que o beb\u00ea Rael havia falecido, apesar de a gravidez estar transcorrendo normalmente at\u00e9 aquele momento.<\/p>\n<p class=\"text\">Em julho, Tati fez uma breve apari\u00e7\u00e3o no Mais Voc\u00ea, quando visitou o est\u00fadio e cumprimentou toda a equipe do programa, desde operadores de c\u00e2mera at\u00e9 auxiliares de cozinha. Na ocasi\u00e3o, demonstrou emo\u00e7\u00e3o ao rever os colegas e declarou: &#8220;Que saudade. Estou em casa&#8221;.<\/p>\n<p class=\"text\">Al\u00e9m do retorno ao Mais Voc\u00ea, Tati tamb\u00e9m voltar\u00e1 ao programa Saia Justa, do canal GNT, a partir de 10 de setembro, conforme anunciado por Ana Maria durante o programa.<\/p>\n<p class=\"text\">Em entrevista concedida ao Fant\u00e1stico, Tati Machado compartilhou seu processo de luto e manifestou o desejo de ser m\u00e3e novamente no futuro, mesmo reconhecendo que ainda sente dor pela perda. Sobre essa possibilidade, a jornalista declarou: &#8220;N\u00e3o tem substitui\u00e7\u00e3o, mas tem amor&#8221;.<\/p>\n","protected":false},"excerpt":{"rendered":"Tati Machado assume comando de programa da TV Globo por tr\u00eas semanas ap\u00f3s per\u00edodo de afastamento devido \u00e0&hellip;\n","protected":false},"author":2,"featured_media":50990,"comment_status":"","ping_status":"","sticky":false,"template":"","format":"standard","meta":{"footnotes":""},"categories":[142],"tags":[114,115,32,33,151],"class_list":{"0":"post-50989","1":"post","2":"type-post","3":"status-publish","4":"format-standard","5":"has-post-thumbnail","7":"category-tv","8":"tag-entertainment","9":"tag-entretenimento","10":"tag-portugal","11":"tag-pt","12":"tag-tv"},"share_on_mastodon":{"url":"","error":""},"_links":{"self":[{"href":"https:\/\/www.europesays.com\/pt\/wp-json\/wp\/v2\/posts\/50989","targetHints":{"allow":["GET"]}}],"collection":[{"href":"https:\/\/www.europesays.com\/pt\/wp-json\/wp\/v2\/posts"}],"about":[{"href":"https:\/\/www.europesays.com\/pt\/wp-json\/wp\/v2\/types\/post"}],"author":[{"embeddable":true,"href":"https:\/\/www.europesays.com\/pt\/wp-json\/wp\/v2\/users\/2"}],"replies":[{"embeddable":true,"href":"https:\/\/www.europesays.com\/pt\/wp-json\/wp\/v2\/comments?post=50989"}],"version-history":[{"count":0,"href":"https:\/\/www.europesays.com\/pt\/wp-json\/wp\/v2\/posts\/50989\/revisions"}],"wp:featuredmedia":[{"embeddable":true,"href":"https:\/\/www.europesays.com\/pt\/wp-json\/wp\/v2\/media\/50990"}],"wp:attachment":[{"href":"https:\/\/www.europesays.com\/pt\/wp-json\/wp\/v2\/media?parent=50989"}],"wp:term":[{"taxonomy":"category","embeddable":true,"href":"https:\/\/www.europesays.com\/pt\/wp-json\/wp\/v2\/categories?post=50989"},{"taxonomy":"post_tag","embeddable":true,"href":"https:\/\/www.europesays.com\/pt\/wp-json\/wp\/v2\/tags?post=50989"}],"curies":[{"name":"wp","href":"https:\/\/api.w.org\/{rel}","templated":true}]}}