{"id":50994,"date":"2025-08-30T02:02:32","date_gmt":"2025-08-30T02:02:32","guid":{"rendered":"https:\/\/www.europesays.com\/pt\/50994\/"},"modified":"2025-08-30T02:02:32","modified_gmt":"2025-08-30T02:02:32","slug":"papa-num-mundo-repleto-de-ruidos-e-preciso-ouvir-a-voz-dos-pobres-e-marginalizados","status":"publish","type":"post","link":"https:\/\/www.europesays.com\/pt\/50994\/","title":{"rendered":"Papa: num mundo repleto de ru\u00eddos, \u00e9 preciso ouvir a voz dos pobres e marginalizados"},"content":{"rendered":"<p>Videomensagem de Le\u00e3o XIV aos membros da prov\u00edncia de Santo Tom\u00e1s de Villanova, a maior comunidade agostiniana nos Estados Unidos.<\/p>\n<p><b>Vatican News<\/b><\/p>\n<p>No dia em que a Igreja celebra a mem\u00f3ria lit\u00fargica do Bispo de Hipona, o Papa Le\u00e3o foi agraciado com a Medalha de Santo Agostinho da Prov\u00edncia de Santo Tom\u00e1s de Villanova, nos Estados Unidos. A motiva\u00e7\u00e3o foi a sua lideran\u00e7a no servi\u00e7o, o compromisso de toda a sua vida a favor dos pobres, o seu testemunho dos valores agostinianos e agora, como Pastor universal, pelo exemplo que oferece a todos para nos aproximar do Senhor e uns dos outros na constru\u00e7\u00e3o da paz.\u00a0Em agradecimento, o Pont\u00edfice gravou uma videomensagem aos membros de uma das comunidades agostinianas mais antigas em territ\u00f3rio estadunidense.\u00a0<\/p>\n<p>&#8220;Como agostinianos, buscamos todos os dias estar \u00e0 altura do exemplo do nosso pai espiritual, Santo Agostinho. Ser reconhecido como agostiniano \u00e9 uma grande honra&#8221;, afirmou o Papa, que acrescentou: &#8220;Devo muito do que sou ao esp\u00edrito e aos ensinamentos de Santo Agostinho&#8221;.\u00a0\u00a0<\/p>\n<p>\n   Confira um trecho da videomensagem\n  <\/p>\n<p>De modo especial, o Pont\u00edfice ressaltou a import\u00e2ncia da comunidade e recordou que foi atrav\u00e9s da ora\u00e7\u00e3o de sua m\u00e3e, M\u00f4nica, e das boas pessoas que o circundavam que Agostinho conseguiu encontrar o caminho da paz para o seu cora\u00e7\u00e3o irrequieto. Ainda neste esp\u00edrito comunit\u00e1rio, Le\u00e3o XIV citou os padres Matthew Carr e John Rossiter, cujo esp\u00edrito mission\u00e1rio os impulsinou, no final do s\u00e9culo XVIII, a levar a Boa Nova do Evangelho no servi\u00e7o aos imigrantes irlandeses e alem\u00e3es, em busca de uma vida melhor e de toler\u00e2ncia religiosa.<\/p>\n<p>&#8220;Ainda hoje somos chamados a levar adiante esta heran\u00e7a de servi\u00e7o amoroso a todo o povo de Deus. No Evangelho, Jesus nos recorda de amar o pr\u00f3ximo e isso nos desafia, agora mais do que nunca, a nos recordar de ver hoje o pr\u00f3ximo com os olhos de Cristo.&#8221;<\/p>\n<p>A paz, disse ainda o Papa, come\u00e7a com aquilo que dizemos e fazemos e como o dizemos e fazemos. Antes de falar, dizia Santo Agostinho, devemos ouvir e, &#8220;como Igreja sinodal somos encorajados a nos empenhar novamente na arte de ouvir atrav\u00e9s da ora\u00e7\u00e3o, do sil\u00eancio, do discernimento e da reflex\u00e3o&#8221;. &#8220;Temos a oportunidade e a responsabilidade de ouvir o Esp\u00edrito Santo, de ouvir uns aos outros, de ouvir a voz dos pobres e das pessoas marginalizadas. \u00c9 em nossos cora\u00e7\u00f5es que Deus nos fala&#8221;, recordou o Pont\u00edfice.<\/p>\n<p>O Bispo de Hipona recomendava ainda que, para al\u00e9m da escuta, era preciso ter a &#8220;aten\u00e7\u00e3o do cora\u00e7\u00e3o&#8221;. Num mundo repleto de ru\u00eddos, h\u00e1 mensagens que alimentam nossa inquieta\u00e7\u00e3o e roubam a nossa alegria. Para Le\u00e3o, \u00e9 preciso filtrar o ru\u00eddo e abrir nossas mentes e cora\u00e7\u00f5es a Deus e ao seu amor.\u00a0<\/p>\n<p>&#8220;Que possamos continuar a refor\u00e7ar a nossa miss\u00e3o comum, como Igreja e comunidade, de promover a paz, viver na esperan\u00e7a e refletir a luz e o amor de Deus no mundo&#8221;, concluiu o Papa, agradecendo mais uma vez pela Medalha recebida.\u00a0<\/p>\n","protected":false},"excerpt":{"rendered":"Videomensagem de Le\u00e3o XIV aos membros da prov\u00edncia de Santo Tom\u00e1s de Villanova, a maior comunidade agostiniana nos&hellip;\n","protected":false},"author":2,"featured_media":50995,"comment_status":"","ping_status":"","sticky":false,"template":"","format":"standard","meta":{"footnotes":""},"categories":[50],"tags":[27,28,15,16,14,25,26,21,22,62,12,13,19,20,811,23,24,17,18,29,30,31,14879,63,64,65],"class_list":{"0":"post-50994","1":"post","2":"type-post","3":"status-publish","4":"format-standard","5":"has-post-thumbnail","7":"category-mundo","8":"tag-breaking-news","9":"tag-breakingnews","10":"tag-featured-news","11":"tag-featurednews","12":"tag-headlines","13":"tag-latest-news","14":"tag-latestnews","15":"tag-main-news","16":"tag-mainnews","17":"tag-mundo","18":"tag-news","19":"tag-noticias","20":"tag-noticias-principais","21":"tag-noticiasprincipais","22":"tag-papa-leao-xiv","23":"tag-principais-noticias","24":"tag-principaisnoticias","25":"tag-top-stories","26":"tag-topstories","27":"tag-ultimas","28":"tag-ultimas-noticias","29":"tag-ultimasnoticias","30":"tag-videomensagem","31":"tag-world","32":"tag-world-news","33":"tag-worldnews"},"share_on_mastodon":{"url":"","error":""},"_links":{"self":[{"href":"https:\/\/www.europesays.com\/pt\/wp-json\/wp\/v2\/posts\/50994","targetHints":{"allow":["GET"]}}],"collection":[{"href":"https:\/\/www.europesays.com\/pt\/wp-json\/wp\/v2\/posts"}],"about":[{"href":"https:\/\/www.europesays.com\/pt\/wp-json\/wp\/v2\/types\/post"}],"author":[{"embeddable":true,"href":"https:\/\/www.europesays.com\/pt\/wp-json\/wp\/v2\/users\/2"}],"replies":[{"embeddable":true,"href":"https:\/\/www.europesays.com\/pt\/wp-json\/wp\/v2\/comments?post=50994"}],"version-history":[{"count":0,"href":"https:\/\/www.europesays.com\/pt\/wp-json\/wp\/v2\/posts\/50994\/revisions"}],"wp:featuredmedia":[{"embeddable":true,"href":"https:\/\/www.europesays.com\/pt\/wp-json\/wp\/v2\/media\/50995"}],"wp:attachment":[{"href":"https:\/\/www.europesays.com\/pt\/wp-json\/wp\/v2\/media?parent=50994"}],"wp:term":[{"taxonomy":"category","embeddable":true,"href":"https:\/\/www.europesays.com\/pt\/wp-json\/wp\/v2\/categories?post=50994"},{"taxonomy":"post_tag","embeddable":true,"href":"https:\/\/www.europesays.com\/pt\/wp-json\/wp\/v2\/tags?post=50994"}],"curies":[{"name":"wp","href":"https:\/\/api.w.org\/{rel}","templated":true}]}}