{"id":509948,"date":"2026-09-03T06:27:40","date_gmt":"2026-09-03T06:27:40","guid":{"rendered":"https:\/\/www.europesays.com\/pt\/509948\/"},"modified":"2026-09-03T06:27:40","modified_gmt":"2026-09-03T06:27:40","slug":"esteve-gravida-dentro-da-casa-e-ao-sair-viveu-o-pior-agora-mostra-a-sua-nova-vida-e-surpreende-big-brother-verao-2026-ultimas-noticias-videos-e-diretos","status":"publish","type":"post","link":"https:\/\/www.europesays.com\/pt\/509948\/","title":{"rendered":"Esteve gr\u00e1vida dentro da casa e ao sair viveu o pior: Agora mostra a sua nova vida e surpreende &#8211; Big Brother Ver\u00e3o 2026: \u00daltimas Not\u00edcias, V\u00eddeos e Diretos"},"content":{"rendered":"<p>Mayeli D\u00edaz e \u00c1lvaro Rubio protagonizaram uma das hist\u00f3rias mais inesperadas de La isla de las tentaciones. O casal regressou ao reality show para viver uma nova experi\u00eancia, mas acabou por surpreender tudo e todos ao revelar que estava \u00e0 espera de um beb\u00e9.<\/p>\n<p>A gravidez foi mantida em segredo durante as grava\u00e7\u00f5es e s\u00f3 foi revelada numa das fogueiras finais, depois de Mayeli ter sido expulsa disciplinarmente do programa. Apesar da grande revela\u00e7\u00e3o, os dois n\u00e3o sa\u00edram juntos do reality show.<\/p>\n<p>A hist\u00f3ria do casal, contudo, estava longe de terminar. Depois de mais uma fase complicada na rela\u00e7\u00e3o, Mayeli e \u00c1lvaro acabaram por dar uma nova oportunidade ao amor e reconstru\u00edram a rela\u00e7\u00e3o.<\/p>\n<p>Em fevereiro deste ano, viveram um dos momentos mais importantes das suas vidas com o nascimento da filha, Alma. Desde ent\u00e3o, os dois t\u00eam partilhado alguns momentos da vida em fam\u00edlia e mostram-se felizes ao lado da beb\u00e9.<\/p>\n<p>Agora, meses depois de toda a pol\u00e9mica vivida no reality show, a imagem do casal \u00e9 bem diferente. Mayeli e \u00c1lvaro surgem unidos e dedicados \u00e0 nova fase enquanto pais, deixando para tr\u00e1s os conflitos e as incertezas que marcaram a passagem pelo programa.<\/p>\n<p>Da gravidez escondida \u00e0 separa\u00e7\u00e3o e posterior reconcilia\u00e7\u00e3o, a hist\u00f3ria dos dois ganhou um novo cap\u00edtulo. Atualmente, \u00e9 a pequena Alma quem ocupa o centro das aten\u00e7\u00f5es e acompanha o casal nesta nova vida em fam\u00edlia.<\/p>\n","protected":false},"excerpt":{"rendered":"Mayeli D\u00edaz e \u00c1lvaro Rubio protagonizaram uma das hist\u00f3rias mais inesperadas de La isla de las tentaciones. O&hellip;\n","protected":false},"author":2,"featured_media":509949,"comment_status":"","ping_status":"","sticky":false,"template":"","format":"standard","meta":{"footnotes":"","_share_on_mastodon":"0"},"categories":[85],"tags":[81711,331,48,333,328,335,336,114,115,334,332,330,81712,81713,338,81710,13,32,33,162,227],"class_list":["post-509948","post","type-post","status-publish","format-standard","has-post-thumbnail","category-entretenimento","tag-alvaro-rubio","tag-big","tag-big-brother","tag-comentadores","tag-concorrentes","tag-confrontos","tag-discussoes","tag-entertainment","tag-entretenimento","tag-exclusivos","tag-expulso","tag-gala","tag-gravidez-escondida","tag-la-isla-de-las-tentaciones","tag-maria-botelho-moniz","tag-mayeli-diaz","tag-noticias","tag-portugal","tag-pt","tag-tvi","tag-videos"],"share_on_mastodon":{"url":"https:\/\/pubeurope.com\/@pt\/117205692907707659","error":""},"_links":{"self":[{"href":"https:\/\/www.europesays.com\/pt\/wp-json\/wp\/v2\/posts\/509948","targetHints":{"allow":["GET"]}}],"collection":[{"href":"https:\/\/www.europesays.com\/pt\/wp-json\/wp\/v2\/posts"}],"about":[{"href":"https:\/\/www.europesays.com\/pt\/wp-json\/wp\/v2\/types\/post"}],"author":[{"embeddable":true,"href":"https:\/\/www.europesays.com\/pt\/wp-json\/wp\/v2\/users\/2"}],"replies":[{"embeddable":true,"href":"https:\/\/www.europesays.com\/pt\/wp-json\/wp\/v2\/comments?post=509948"}],"version-history":[{"count":0,"href":"https:\/\/www.europesays.com\/pt\/wp-json\/wp\/v2\/posts\/509948\/revisions"}],"wp:featuredmedia":[{"embeddable":true,"href":"https:\/\/www.europesays.com\/pt\/wp-json\/wp\/v2\/media\/509949"}],"wp:attachment":[{"href":"https:\/\/www.europesays.com\/pt\/wp-json\/wp\/v2\/media?parent=509948"}],"wp:term":[{"taxonomy":"category","embeddable":true,"href":"https:\/\/www.europesays.com\/pt\/wp-json\/wp\/v2\/categories?post=509948"},{"taxonomy":"post_tag","embeddable":true,"href":"https:\/\/www.europesays.com\/pt\/wp-json\/wp\/v2\/tags?post=509948"}],"curies":[{"name":"wp","href":"https:\/\/api.w.org\/{rel}","templated":true}]}}