{"id":509972,"date":"2026-09-03T06:56:29","date_gmt":"2026-09-03T06:56:29","guid":{"rendered":"https:\/\/www.europesays.com\/pt\/509972\/"},"modified":"2026-09-03T06:56:29","modified_gmt":"2026-09-03T06:56:29","slug":"mocambique-com-56-hospitais-a-administrarem-lenacapavir-para-prevenir-vih","status":"publish","type":"post","link":"https:\/\/www.europesays.com\/pt\/509972\/","title":{"rendered":"Mo\u00e7ambique com 56 hospitais a administrarem lenacapavir para prevenir VIH"},"content":{"rendered":"\n<p>&#13;<br \/>\nSegundo a informa\u00e7\u00e3o, o medicamento lenacapavir para prevenir o V\u00edrus da Imunodefici\u00eancia Humana (VIH) j\u00e1 \u00e9 administrado em 17 unidades sanit\u00e1rias da prov\u00edncia da Zamb\u00e9zia, no centro de Mo\u00e7ambique, e 21 da prov\u00edncia de Maputo, no sul. A cidade de Maputo soma outras 17 unidades sanit\u00e1rias que iniciaram a administra\u00e7\u00e3o do medicamento, enquanto a prov\u00edncia de Nampula, no norte do pa\u00eds, iniciou a administra\u00e7\u00e3o do medicamento numa unidade sanit\u00e1ria.&#13;\n<\/p>\n<p>&#13;<br \/>\n&#8220;Importa esclarecer que a implementa\u00e7\u00e3o n\u00e3o ocorre apenas em centros de sa\u00fade, mas tamb\u00e9m em hospitais. A previs\u00e3o inicial de implementa\u00e7\u00e3o em 55 unidades sanit\u00e1rias foi alcan\u00e7ada. Embora o n\u00famero total de unidades sanit\u00e1rias se mantenha, houve ajustamentos na abrang\u00eancia geogr\u00e1fica, incluindo a expans\u00e3o para a prov\u00edncia de Nampula&#8221;, esclareceu o minist\u00e9rio.&#13;\n<\/p>\n<p>&#13;<br \/>\nOs dados avan\u00e7ados pelo Governo indicam que at\u00e9 21 de agosto 15.703 pessoas tinham iniciado a preven\u00e7\u00e3o com lenacapavir, das quais 9.264 benefici\u00e1rios na prov\u00edncia da Zamb\u00e9zia, 4.263 na cidade de Maputo, 2.146 na prov\u00edncia de Maputo e 30 em Nampula.&#13;\n<\/p>\n<p>&#13;<br \/>\n&#8220;O pa\u00eds recebeu inicialmente cerca de 17.280 doses para in\u00edcio desta forma de PrEP (Profilaxia Pr\u00e9-Exposi\u00e7\u00e3o). Considerando o elevado ritmo de utiliza\u00e7\u00e3o, o Minist\u00e9rio da Sa\u00fade mant\u00e9m a monitoria regular dos n\u00edveis de stock, das redistribui\u00e7\u00f5es entre prov\u00edncias e das entregas subsequentes, com vista a assegurar a continuidade dos servi\u00e7os&#8221;, indica-se na mesma informa\u00e7\u00e3o.&#13;\n<\/p>\n<p>&#13;<br \/>\nAs autoridades sanit\u00e1rias afirmam estarem em curso atividades de monitoriza\u00e7\u00e3o da implementa\u00e7\u00e3o, seguimento cl\u00ednico dos benefici\u00e1rios, farmacovigil\u00e2ncia, testagem de VIH, gest\u00e3o de stock e refor\u00e7o dos mecanismos de refer\u00eancia e continuidade da PrEP. Os dados recolhidos nesta fase servir\u00e3o igualmente para orientar a expans\u00e3o progressiva do lenacapavir para outras prov\u00edncias e unidades sanit\u00e1rias.&#13;\n<\/p>\n<p>&#13;<br \/>\nO Minist\u00e9rio da Sa\u00fade esclarece que o lenacapavir \u00e9 uma nova op\u00e7\u00e3o de Profilaxia Pr\u00e9-Exposi\u00e7\u00e3o injet\u00e1vel de longa dura\u00e7\u00e3o, administrada semestralmente a pessoas VIH negativas com risco de exposi\u00e7\u00e3o, introduzida no \u00e2mbito do refor\u00e7o da preven\u00e7\u00e3o combinada ao VIH.&#13;\n<\/p>\n<p>&#13;<br \/>\nMo\u00e7ambique iniciou em 22 de abril a utiliza\u00e7\u00e3o do medicamento injet\u00e1vel, com a primeira dose administrada na prov\u00edncia de Maputo, visando reduzir novas infe\u00e7\u00f5es e acelerar o controlo da doen\u00e7a no pa\u00eds.&#13;\n<\/p>\n<p>&#13;<br \/>\n&#8220;Estamos aqui, com muito orgulho, a lan\u00e7ar esta nova terapia inovadora, eficaz para a sa\u00fade do povo mo\u00e7ambicano, porque sabemos que, juntos, com essas interven\u00e7\u00f5es combinadas que estamos aqui a introduzir, poderemos, a m\u00e9dio e longo prazo, ter gente com sa\u00fade&#8221;, disse ent\u00e3o o ministro da Sa\u00fade mo\u00e7ambicano, Ussene Isse.&#13;\n<\/p>\n<p>&#13;<br \/>\nA nova op\u00e7\u00e3o de PrEP arrancou na prov\u00edncia de Maputo, marcando a introdu\u00e7\u00e3o de uma &#8220;tecnologia inovadora&#8221; na resposta ao V\u00edrus da Imunodefici\u00eancia Humana, com aplica\u00e7\u00e3o inicial a pessoas a partir dos 15 anos.&#13;\n<\/p>\n<p>&#13;<br \/>\nMo\u00e7ambique regista cerca de 92 mil novas infe\u00e7\u00f5es por ano, das quais 34 mil entre adolescentes e jovens dos 15 aos 24 anos, grupo considerado priorit\u00e1rio na nova estrat\u00e9gia de preven\u00e7\u00e3o, referiu na ocasi\u00e3o o ministro da Sa\u00fade.&#13;\n<\/p>\n<p>&#13;<br \/>\nUssene Isse sublinhou na altura o potencial da nova abordagem para reduzir o estigma e aumentar a ades\u00e3o \u00e0 preven\u00e7\u00e3o, sobretudo entre jovens e adolescentes.&#13;\n<\/p>\n<p>&#13;<br \/>\nO ministro destacou que Mo\u00e7ambique passa a integrar o grupo de nove pa\u00edses africanos com acesso \u00e0 nova tecnologia, considerada de longa dura\u00e7\u00e3o e elevada efic\u00e1cia na preven\u00e7\u00e3o, mas alertou para a necessidade de controlo rigoroso na administra\u00e7\u00e3o do f\u00e1rmaco.&#13;\n<\/p>\n<p>&#13;<br \/>\nA introdu\u00e7\u00e3o do lenacapavir conta com o apoio do Governo dos Estados Unidos e da Organiza\u00e7\u00e3o Mundial da Sa\u00fade (OMS), no quadro de parcerias internacionais para refor\u00e7o da preven\u00e7\u00e3o e controlo do VIH no pa\u00eds, institui\u00e7\u00f5es representadas na cerim\u00f3nia.&#13;\n<\/p>\n<p>&#13;<br \/>\n\u00a0&#13;<\/p>\n","protected":false},"excerpt":{"rendered":"&#13; Segundo a informa\u00e7\u00e3o, o medicamento lenacapavir para prevenir o V\u00edrus da Imunodefici\u00eancia Humana (VIH) j\u00e1 \u00e9 administrado&hellip;\n","protected":false},"author":2,"featured_media":509973,"comment_status":"","ping_status":"","sticky":false,"template":"","format":"standard","meta":{"footnotes":"","_share_on_mastodon":"0"},"categories":[86],"tags":[116,22117,2715,32,81720,33,117,6942,1893],"class_list":["post-509972","post","type-post","status-publish","format-standard","has-post-thumbnail","category-saude","tag-health","tag-maputo","tag-mocambique","tag-portugal","tag-prep-profilaxia-pre","tag-pt","tag-saude","tag-vih","tag-virus"],"share_on_mastodon":{"url":"https:\/\/pubeurope.com\/@pt\/117205806958173681","error":""},"_links":{"self":[{"href":"https:\/\/www.europesays.com\/pt\/wp-json\/wp\/v2\/posts\/509972","targetHints":{"allow":["GET"]}}],"collection":[{"href":"https:\/\/www.europesays.com\/pt\/wp-json\/wp\/v2\/posts"}],"about":[{"href":"https:\/\/www.europesays.com\/pt\/wp-json\/wp\/v2\/types\/post"}],"author":[{"embeddable":true,"href":"https:\/\/www.europesays.com\/pt\/wp-json\/wp\/v2\/users\/2"}],"replies":[{"embeddable":true,"href":"https:\/\/www.europesays.com\/pt\/wp-json\/wp\/v2\/comments?post=509972"}],"version-history":[{"count":0,"href":"https:\/\/www.europesays.com\/pt\/wp-json\/wp\/v2\/posts\/509972\/revisions"}],"wp:featuredmedia":[{"embeddable":true,"href":"https:\/\/www.europesays.com\/pt\/wp-json\/wp\/v2\/media\/509973"}],"wp:attachment":[{"href":"https:\/\/www.europesays.com\/pt\/wp-json\/wp\/v2\/media?parent=509972"}],"wp:term":[{"taxonomy":"category","embeddable":true,"href":"https:\/\/www.europesays.com\/pt\/wp-json\/wp\/v2\/categories?post=509972"},{"taxonomy":"post_tag","embeddable":true,"href":"https:\/\/www.europesays.com\/pt\/wp-json\/wp\/v2\/tags?post=509972"}],"curies":[{"name":"wp","href":"https:\/\/api.w.org\/{rel}","templated":true}]}}