{"id":50998,"date":"2025-08-30T02:08:08","date_gmt":"2025-08-30T02:08:08","guid":{"rendered":"https:\/\/www.europesays.com\/pt\/50998\/"},"modified":"2025-08-30T02:08:08","modified_gmt":"2025-08-30T02:08:08","slug":"vale-tudo-com-fatima-e-solange-gravidas-bebe-e-vendido-para-casal-estrangeiro-terra","status":"publish","type":"post","link":"https:\/\/www.europesays.com\/pt\/50998\/","title":{"rendered":"Vale Tudo: Com F\u00e1tima e Solange gr\u00e1vidas, beb\u00ea \u00e9 vendido para casal estrangeiro &#8211; Terra"},"content":{"rendered":"<ol>\n<li><a href=\"https:\/\/news.google.com\/rss\/articles\/CBMi_AFBVV95cUxPSURvRzZic0Zpa3BxNXBhclMtRnVuNU01blhvQVJxaGRFdXlJcTZFT1FVc3hMTnBCdFN0b2xGa2ZRRS1XSFlYb3JLUWY2VVIteDh1NkNCZXZTcXluRU1FMV9wNVBXczE5cU9iUGFQU2JlTkt0UkF0OXJxVUtJRTF1bklYZGZiNExkMFgwMHdDenlyUTM1RTJBX295bzZ1enYySExFcFN5ZENGU2xEUzFFRmRBeFBWU1c2NDIxa0gyc3dNSXpjUkY3b25oZFE3SzFIZ3E2MEFpNjJlTUNISTlIaGpjWUdQOTdqLUR1QmEyVmpONlptZTlTMkdZT0Q?oc=5\" target=\"_blank\" rel=\"nofollow noopener\">Vale Tudo: Com F\u00e1tima e Solange gr\u00e1vidas, beb\u00ea \u00e9 vendido para casal estrangeiro<\/a>&nbsp;&nbsp;Terra<\/li>\n<li><a href=\"https:\/\/news.google.com\/rss\/articles\/CBMi0wFBVV95cUxQTWpmTFZsbGJjaVdfVDBWdVUtbkdGeDVjczlVYThSWEUyQnZzSTY5bDRuSHlSMkh3QmtObGhGeDNKcXpKLWdVUjM0WjVmenliOGZUMzRBb2xVSFo3LWhCMHBSMmNkdVk1UmgtZFNtZEJJWWMzUmV6X0U2LTJybXNZU3BJZ3Utd2FIbHItZ2VDanlGZ0FPX280V1pZUVYzeDl5SEg1azFBYVlIUll5R2RUanR6VXlYM2g3c3V4SXdwdFVfQlpFbkJIUFBtWGd5MHV1UmRJ?oc=5\" target=\"_blank\" rel=\"nofollow noopener\">Afonso? Descubra quem \u00e9 o verdadeiro pai do filho de Maria de F\u00e1tima em Vale Tudo<\/a>&nbsp;&nbsp;O TEMPO<\/li>\n<li><a href=\"https:\/\/news.google.com\/rss\/articles\/CBMipAFBVV95cUxPV2s2d0ROWjJFUGF2SEpETGJXc3dfZzV2NHVuR0J3Y1R0T1FvejZwWWEwX1dOQzdrWGltQXpaakJjdC1ubUpnRk9sa252VzdaTl9LZ3p1MmVsZEZ2c1UyUERtemlkQm9RcWlPR2lUeHZKTkU5UWJCWW9VR1dOZVhiTDNUazA1d3ZhUjFUSk0xenZubS1nNkhaSDRjbUFTc2RXZTBJZg?oc=5\" target=\"_blank\" rel=\"nofollow noopener\">&#8220;Vale Tudo&#8221;: o que acontece com os vil\u00f5es no final da novela?<\/a>&nbsp;&nbsp;CNN Brasil<\/li>\n<li><a href=\"https:\/\/news.google.com\/rss\/articles\/CBMi5gFBVV95cUxPb2xMX1plZWhBOHJvZUhVa09TRENHTEltSzNON3lMQ2I2Q0VkR2tMU0twWGYwV0ZUcGpZVGp4TjhBQkpFZGxwMWMzN1cwTEItYjMxclYyQ29hUEU4Z3NrZFRrVk5qbjNfamREWklIR2tWWm4tTUlZTVMwTXFRUWtVZHpXZzY1QUFZd3BvbGZ1TzNuQU9EZmZldVRGUzRMS01iS0RyeUhPTnZLTjBRUkZfOW14YVBCNUhKdEtocDZQeEtub0h6bHotUWFKMUNaZlZEMVZWbmM5WUw4Q3ZleXVYbTB1M3h4Z9IB9AFBVV95cUxNSGozbXhZUEkwbHpCMTd0a21PX0h3LW5oZDFQY3hYQ2h3VklCMTBhTDV2YzhYbjd2M3JWY25xYkVUa0ROY3BwYm9XcDJyYWNuYzN3bGdXMEFoc3h4RVhUMUhxZUVDTXVxbTVPV2tmZk9jWDdxdXZnQjF4cW9abW1NQnZweE5oLUVNOE9LNFZkYS1KRnNENWNjSXRLS2lCWlphUF90Nl91bHplbzRBMXlhbWJoSFVHeHFvcUlsczJBdE1XdjlsNmloZFdzM3hjU29lMkFYU2U1Q29aeHZ3YW9hdWZReHZOMVhYWE11YXpTTHItMWJK?oc=5\" target=\"_blank\" rel=\"nofollow noopener\">F\u00e1tima se humilha \u00e0 toa para Raquel, em Vale Tudo: \u2018Posso ser m\u00e3e, mas eu n\u00e3o sou idiota\u2019<\/a>&nbsp;&nbsp;Gshow<\/li>\n<li><a href=\"https:\/\/news.google.com\/rss\/articles\/CBMiygFBVV95cUxNSnhpanRJam1VeUN4Qy1IU1RTMUIzUUhXTWpnWlpKWW9VNWdGX2p3UkI2bDRSdHR3U2hJcDZ2bjJyWWVLNHg4LWYzZTJQdzVwVmlWT05TM1lqbkFEdUJjOFI1dU9mZkpZdXk3c3VUQk1kdEZKT3NBU2JPN0JTNjRySGhwT2Mxbll1RnU1clVOU1MxNHdwSTBaVWRnNWdjb19oeUFwbGk0a1VRNzJxOGJhbVcwcXJHZ1N3X202MkVod0lFLTFGRFBBZUl3?oc=5\" target=\"_blank\" rel=\"nofollow noopener\">Vale Tudo: exame de DNA para paternidade era novidade cara na \u00e9poca da primeira vers\u00e3o da novela<\/a>&nbsp;&nbsp;Estad\u00e3o<\/li>\n<\/ol>\n","protected":false},"excerpt":{"rendered":"Vale Tudo: Com F\u00e1tima e Solange gr\u00e1vidas, beb\u00ea \u00e9 vendido para casal estrangeiro&nbsp;&nbsp;Terra Afonso? Descubra quem \u00e9 o&hellip;\n","protected":false},"author":2,"featured_media":50703,"comment_status":"","ping_status":"","sticky":false,"template":"","format":"standard","meta":{"footnotes":""},"categories":[142],"tags":[114,115,32,33,151],"class_list":{"0":"post-50998","1":"post","2":"type-post","3":"status-publish","4":"format-standard","5":"has-post-thumbnail","7":"category-tv","8":"tag-entertainment","9":"tag-entretenimento","10":"tag-portugal","11":"tag-pt","12":"tag-tv"},"share_on_mastodon":{"url":"","error":""},"_links":{"self":[{"href":"https:\/\/www.europesays.com\/pt\/wp-json\/wp\/v2\/posts\/50998","targetHints":{"allow":["GET"]}}],"collection":[{"href":"https:\/\/www.europesays.com\/pt\/wp-json\/wp\/v2\/posts"}],"about":[{"href":"https:\/\/www.europesays.com\/pt\/wp-json\/wp\/v2\/types\/post"}],"author":[{"embeddable":true,"href":"https:\/\/www.europesays.com\/pt\/wp-json\/wp\/v2\/users\/2"}],"replies":[{"embeddable":true,"href":"https:\/\/www.europesays.com\/pt\/wp-json\/wp\/v2\/comments?post=50998"}],"version-history":[{"count":0,"href":"https:\/\/www.europesays.com\/pt\/wp-json\/wp\/v2\/posts\/50998\/revisions"}],"wp:featuredmedia":[{"embeddable":true,"href":"https:\/\/www.europesays.com\/pt\/wp-json\/wp\/v2\/media\/50703"}],"wp:attachment":[{"href":"https:\/\/www.europesays.com\/pt\/wp-json\/wp\/v2\/media?parent=50998"}],"wp:term":[{"taxonomy":"category","embeddable":true,"href":"https:\/\/www.europesays.com\/pt\/wp-json\/wp\/v2\/categories?post=50998"},{"taxonomy":"post_tag","embeddable":true,"href":"https:\/\/www.europesays.com\/pt\/wp-json\/wp\/v2\/tags?post=50998"}],"curies":[{"name":"wp","href":"https:\/\/api.w.org\/{rel}","templated":true}]}}