{"id":509982,"date":"2026-09-03T07:11:24","date_gmt":"2026-09-03T07:11:24","guid":{"rendered":"https:\/\/www.europesays.com\/pt\/509982\/"},"modified":"2026-09-03T07:11:24","modified_gmt":"2026-09-03T07:11:24","slug":"transferencia-de-gonzalo-plata-para-a-russia-cai-flamengo-critica-amadorismo","status":"publish","type":"post","link":"https:\/\/www.europesays.com\/pt\/509982\/","title":{"rendered":"Transfer\u00eancia de Gonzalo Plata para a R\u00fassia cai, Flamengo critica \u00abamadorismo\u00bb"},"content":{"rendered":"<p>Estava tudo pronto para o ex-Sporting Gonzalo Plata ser apresentado como refor\u00e7o do D\u00ednamo Moscovo, depois de tr\u00eas \u00e9pocas no Brasil. <a href=\"https:\/\/maisfutebol.iol.pt\/internacional\/russia\/video-ex-sporting-aterra-na-russia-e-e-recebido-com-pao-tradicional\" rel=\"nofollow noopener\" target=\"_blank\">Em solo russo desde domingo<\/a>, o neg\u00f3cio caiu por terra ap\u00f3s o jogador n\u00e3o passar nos exames m\u00e9dicos.<\/p>\n<p>\u00abO Clube de Regatas do Flamengo foi informado, na tarde desta ter\u00e7a-feira (1\u00ba), pelo D\u00ednamo de Moscou, que o avan\u00e7ado Gonzalo Plata n\u00e3o atendeu aos parametros m\u00e9dicos da equipa russa. O jogador tinha sido liberado pelo Flamengo para realizar exames e assinar contrato, mas a negocia\u00e7\u00e3o n\u00e3o ser\u00e1 conclu\u00edda\u00bb, anunciou o clube brasileiro, atrav\u00e9s de um comunicado publicado na ter\u00e7a-feira.<\/p>\n<p>Mais tarde, num novo comunicado, o clube manifestou indigna\u00e7\u00e3o e garantiu que o avan\u00e7ado, de 25 anos, n\u00e3o tem qualquer problema f\u00edsico e descreveu toda a situa\u00e7\u00e3o como \u00abresultado do amadorismo e irresponsabilidade\u00bb do clube russo.<\/p>\n<p>\u00abGonzalo Plata encontra-se apto para a pr\u00e1tica de futebol de alto rendimento, vinha a jogar normalmente pelo Flamengo e pela sele\u00e7\u00e3o equatoriana e n\u00e3o possui hist\u00f3rico de cirurgias, fraturas ou qualquer problema cr\u00f3nico grave. Por este motivo, o Departamento M\u00e9dico do Flamengo recebeu com absoluta surpresa e ceticismo a informa\u00e7\u00e3o de que o atleta n\u00e3o correspondeu aos par\u00e2metros m\u00e9dicos estabelecidos pelo D\u00ednamo de Moscovo\u00bb, come\u00e7ou por escrever.<\/p>\n<p>\u00abO Flamengo n\u00e3o poupar\u00e1 esfor\u00e7os para recorrer \u00e0s repara\u00e7\u00f5es cab\u00edveis diante do desleixo e da desvaloriza\u00e7\u00e3o impostos ao clube e ao seu atleta. O que o Flamengo e o Botafogo viveram nesta ter\u00e7a-feira \u00e9 resultado do amadorismo e da irresponsabilidade demonstrados pelo D\u00ednamo de Moscovo no desfecho das negocia\u00e7\u00f5es. Que o epis\u00f3dio sirva de alerta para todo o futebol brasileiro\u00bb, acrescentou.<\/p>\n<p>Este n\u00e3o foi, no entanto, um caso isolado. O avan\u00e7ado Matheus Martins, do Botafogo, que se preparava tamb\u00e9m para refor\u00e7ar a equipa russa viu a transfer\u00eancia cair pelos mesmos motivos.\u00a0<\/p>\n<p>O D\u00ednamo Moscovo, que ainda n\u00e3o se tinha manifestado, tomou uma posi\u00e7\u00e3o na manh\u00e3 desta quarta-feira, reagindo atrav\u00e9s de um comunicado.<\/p>\n<p>\u00abNo domingo, 30 de agosto, os jogadores Gonzalo Plata e Mateus Martins, com a permiss\u00e3o de seus clubes, Flamengo e Botafogo, chegaram a Moscovo para a etapa final das negocia\u00e7\u00f5es e demais procedimentos relacionados a uma poss\u00edvel transfer\u00eancia<\/p>\n<p>Como resultado, o D\u00ednamo de Futebol, por uma s\u00e9rie de raz\u00f5es, decidiu, ditada pelos interesses de longo prazo do clube, n\u00e3o negociar esses jogadores. Em virtude dos acordos entre os clubes brasileiros e o D\u00ednamo, Plata e Martins retornar\u00e3o ao Brasil para as sedes de seus respectivos times\u00bb, pode ler-se no comunicado do emblema russo, que, contudo n\u00e3o especifica quais os motivos por tr\u00e1s da decis\u00e3o.<\/p>\n<p>De volta ao Brasil, Gonzalo Plata segue para a quarta \u00e9poca no clube carioca. O Flamengo garantiu que o internacional equatoriano \u00abser\u00e1 recebido de portas abertas para dar continuidade \u00e0 sua trajet\u00f3ria vitoriosa no clube\u00bb.<br \/>\u00a0<\/p>\n","protected":false},"excerpt":{"rendered":"Estava tudo pronto para o ex-Sporting Gonzalo Plata ser apresentado como refor\u00e7o do D\u00ednamo Moscovo, depois de tr\u00eas&hellip;\n","protected":false},"author":2,"featured_media":509983,"comment_status":"","ping_status":"","sticky":false,"template":"","format":"standard","meta":{"footnotes":"","_share_on_mastodon":"0"},"categories":[87],"tags":[2253,135,81723,2460,69806,82,46,21428,32,33,47,839,34,134],"class_list":["post-509982","post","type-post","status-publish","format-standard","has-post-thumbnail","category-desporto","tag-botafogo","tag-desporto","tag-dinamo-moscovo","tag-flamengo","tag-gonzalo-plata","tag-internacional","tag-maisfutebol","tag-matheus-martins","tag-portugal","tag-pt","tag-pura-paixao","tag-russia","tag-sporting","tag-sports"],"share_on_mastodon":{"url":"https:\/\/pubeurope.com\/@pt\/117205866057066269","error":""},"_links":{"self":[{"href":"https:\/\/www.europesays.com\/pt\/wp-json\/wp\/v2\/posts\/509982","targetHints":{"allow":["GET"]}}],"collection":[{"href":"https:\/\/www.europesays.com\/pt\/wp-json\/wp\/v2\/posts"}],"about":[{"href":"https:\/\/www.europesays.com\/pt\/wp-json\/wp\/v2\/types\/post"}],"author":[{"embeddable":true,"href":"https:\/\/www.europesays.com\/pt\/wp-json\/wp\/v2\/users\/2"}],"replies":[{"embeddable":true,"href":"https:\/\/www.europesays.com\/pt\/wp-json\/wp\/v2\/comments?post=509982"}],"version-history":[{"count":0,"href":"https:\/\/www.europesays.com\/pt\/wp-json\/wp\/v2\/posts\/509982\/revisions"}],"wp:featuredmedia":[{"embeddable":true,"href":"https:\/\/www.europesays.com\/pt\/wp-json\/wp\/v2\/media\/509983"}],"wp:attachment":[{"href":"https:\/\/www.europesays.com\/pt\/wp-json\/wp\/v2\/media?parent=509982"}],"wp:term":[{"taxonomy":"category","embeddable":true,"href":"https:\/\/www.europesays.com\/pt\/wp-json\/wp\/v2\/categories?post=509982"},{"taxonomy":"post_tag","embeddable":true,"href":"https:\/\/www.europesays.com\/pt\/wp-json\/wp\/v2\/tags?post=509982"}],"curies":[{"name":"wp","href":"https:\/\/api.w.org\/{rel}","templated":true}]}}