{"id":510032,"date":"2026-09-03T08:11:23","date_gmt":"2026-09-03T08:11:23","guid":{"rendered":"https:\/\/www.europesays.com\/pt\/510032\/"},"modified":"2026-09-03T08:11:23","modified_gmt":"2026-09-03T08:11:23","slug":"mate-xt-2-huawei-prepara-novo-dobravel-tripartido-com-ecra-de-privacidade","status":"publish","type":"post","link":"https:\/\/www.europesays.com\/pt\/510032\/","title":{"rendered":"Mate XT 2: Huawei prepara novo dobr\u00e1vel tripartido com ecr\u00e3 de privacidade"},"content":{"rendered":"<p class=\"wp-block-post-excerpt__excerpt\">O pr\u00f3ximo dobr\u00e1vel tripartido da Huawei vai chegar com um ecr\u00e3 de privacidade, numa solu\u00e7\u00e3o semelhante \u00e0 que j\u00e1 utiliza no port\u00e1til MateBook Pro S, lan\u00e7ado no in\u00edcio do m\u00eas na China. <\/p>\n<p class=\"wp-block-paragraph\">A Huawei est\u00e1 a preparar-se para apresentar ao mundo o seu pr\u00f3ximo dobr\u00e1vel com ecr\u00e3 tripartido. <strong>A revela\u00e7\u00e3o do Mate XT 2 est\u00e1 marcada para o dia 7 de setembro, na China, e, para abrir o \u201capetite\u201d dos mais curiosos, a fabricante chinesa partilhou um novo v\u00eddeo que deixa mais pistas sobre o smartphone.\u00a0<\/strong><\/p>\n<p class=\"wp-block-paragraph\"><strong>N\u00e3o perca nenhuma not\u00edcia importante da atualidade de tecnologia e<\/strong>\u00a0<a href=\"http:\/\/tek.sapo.pt\/\" target=\"_blank\" rel=\"noopener nofollow\"><strong>acompanhe tudo em tek.sapo.pt<\/strong><\/a><\/p>\n<p class=\"wp-block-paragraph\">Segundo a Huawei, <strong>o Mate XT 2 ser\u00e1 o seu primeiro dobr\u00e1vel a contar com um ecr\u00e3 de privacidade<\/strong>, numa solu\u00e7\u00e3o semelhante \u00e0quela que a Samsung implementou <a href=\"https:\/\/tek.sapo.pt\/mobile\/equipamentos\/artigos\/galaxy-s26-samsung-prepara-se-para-desvendar-a-nova-geracao-de-smartphones-acompanhe-em-direto\/\" rel=\"nofollow noopener\" target=\"_blank\">no Galaxy S26 Ultra<\/a>.\u00a0<\/p>\n<p class=\"wp-block-paragraph\">No v\u00eddeo partilhado pela Huawei na rede social chinesa <a href=\"https:\/\/m.weibo.cn\/detail\/5338269959327804\" rel=\"nofollow noopener\" target=\"_blank\">Weibo<\/a> <strong>\u00e9 poss\u00edvel ver como vai funcionar a tecnologia, que pode ser ativada atrav\u00e9s de uma funcionalidade chamada \u201cPrivacy Display\u201d.\u00a0<\/strong><\/p>\n<p>Veja o v\u00eddeo<\/p>\n<p class=\"wp-block-paragraph\"><strong>A Huawei j\u00e1 utiliza esta tecnologia no port\u00e1til MateBook Pro S, lan\u00e7ado no in\u00edcio do m\u00eas na China. <\/strong>A solu\u00e7\u00e3o recorre a um sistema de p\u00edxeis duplos, que iluminam o ecr\u00e3 em dois modos diferentes.\u00a0<\/p>\n<p class=\"wp-block-paragraph\">Ainda antes da revela\u00e7\u00e3o oficial, a Huawei j\u00e1 abriu <a href=\"https:\/\/item.vmall.com\/product\/comdetail\/index.html?prdId=10086839715516\" rel=\"nofollow noopener\" target=\"_blank\">as pr\u00e9-encomendas<\/a> para o novo dobr\u00e1vel tripartido, que estar\u00e1 dispon\u00edvel em tr\u00eas cores (preto, branco e roxo) <strong>e em duas configura\u00e7\u00f5es de RAM e armazenamento interno: 16 GB\/512 GB e 16 GB\/1 TB.\u00a0<\/strong>A vers\u00e3o com ecr\u00e3 de privacidade, em espec\u00edfico, estar\u00e1 apenas dispon\u00edvel numa configura\u00e7\u00e3o de 16 GB de RAM e 1 TB de armazenamento interno.<\/p>\n<p>Clique nas imagens para ver com mais detalhe<\/p>\n<p class=\"wp-block-paragraph\">Por fora, o dobr\u00e1vel est\u00e1 equipado com um m\u00f3dulo de c\u00e2maras traseiras octogonal, semelhante ao Mate XT original. Mas, <strong>ao contr\u00e1rio da primeira vers\u00e3o do smartphone, a pr\u00f3xima gera\u00e7\u00e3o ter\u00e1 um design que permite dobrar o ecr\u00e3 para dentro<\/strong>, al\u00e9m de contar com um display exterior.<\/p>\n<p><strong>Assine a<\/strong>\u00a0<a href=\"https:\/\/teknoticias.us15.list-manage.com\/subscribe?u=9a06a5af5e9150806abc02bae&amp;id=ef9b27090d\" target=\"_blank\" rel=\"noopener nofollow\"><strong>newsletter do TEK Not\u00edcias<\/strong><\/a>\u00a0<strong>e receba todos os dias as principais not\u00edcias de tecnologia na sua caixa de correio.<\/strong><\/p>\n","protected":false},"excerpt":{"rendered":"O pr\u00f3ximo dobr\u00e1vel tripartido da Huawei vai chegar com um ecr\u00e3 de privacidade, numa solu\u00e7\u00e3o semelhante \u00e0 que&hellip;\n","protected":false},"author":2,"featured_media":510033,"comment_status":"","ping_status":"","sticky":false,"template":"","format":"standard","meta":{"footnotes":"","_share_on_mastodon":"0"},"categories":[84],"tags":[109,107,108,633,5596,8010,81732,32,552,33,105,103,104,954,61501,106,110],"class_list":["post-510032","post","type-post","status-publish","format-standard","has-post-thumbnail","category-ciencia-e-tecnologia","tag-ciencia","tag-ciencia-e-tecnologia","tag-cienciaetecnologia","tag-ecra","tag-equipamentos","tag-huawei","tag-huawei-mate-xt","tag-portugal","tag-privacidade","tag-pt","tag-science","tag-science-and-technology","tag-scienceandtechnology","tag-smartphones","tag-smartphones-dobraveis","tag-technology","tag-tecnologia"],"share_on_mastodon":{"url":"https:\/\/pubeurope.com\/@pt\/117206101938551469","error":""},"_links":{"self":[{"href":"https:\/\/www.europesays.com\/pt\/wp-json\/wp\/v2\/posts\/510032","targetHints":{"allow":["GET"]}}],"collection":[{"href":"https:\/\/www.europesays.com\/pt\/wp-json\/wp\/v2\/posts"}],"about":[{"href":"https:\/\/www.europesays.com\/pt\/wp-json\/wp\/v2\/types\/post"}],"author":[{"embeddable":true,"href":"https:\/\/www.europesays.com\/pt\/wp-json\/wp\/v2\/users\/2"}],"replies":[{"embeddable":true,"href":"https:\/\/www.europesays.com\/pt\/wp-json\/wp\/v2\/comments?post=510032"}],"version-history":[{"count":0,"href":"https:\/\/www.europesays.com\/pt\/wp-json\/wp\/v2\/posts\/510032\/revisions"}],"wp:featuredmedia":[{"embeddable":true,"href":"https:\/\/www.europesays.com\/pt\/wp-json\/wp\/v2\/media\/510033"}],"wp:attachment":[{"href":"https:\/\/www.europesays.com\/pt\/wp-json\/wp\/v2\/media?parent=510032"}],"wp:term":[{"taxonomy":"category","embeddable":true,"href":"https:\/\/www.europesays.com\/pt\/wp-json\/wp\/v2\/categories?post=510032"},{"taxonomy":"post_tag","embeddable":true,"href":"https:\/\/www.europesays.com\/pt\/wp-json\/wp\/v2\/tags?post=510032"}],"curies":[{"name":"wp","href":"https:\/\/api.w.org\/{rel}","templated":true}]}}