{"id":510038,"date":"2026-09-03T08:22:12","date_gmt":"2026-09-03T08:22:12","guid":{"rendered":"https:\/\/www.europesays.com\/pt\/510038\/"},"modified":"2026-09-03T08:22:12","modified_gmt":"2026-09-03T08:22:12","slug":"oficial-trabzonspor-reforca-ataque-com-ex-benfica","status":"publish","type":"post","link":"https:\/\/www.europesays.com\/pt\/510038\/","title":{"rendered":"OFICIAL: Trabzonspor refor\u00e7a ataque com ex-Benfica"},"content":{"rendered":"<p>O Trabzonspor anunciou, esta quarta-feira, a contrata\u00e7\u00e3o de Franculino Dj\u00fa, proveniente do Midtjylland.\u00a0<\/p>\n<p>O avan\u00e7ado de 22 anos, recorde-se, \u00e9 formado no Benfica, tendo passado por v\u00e1rios escal\u00f5es. Em 2022\/2023, deixou os encarnados e rumou, precisamente, aos dinamarqueses, onde em tr\u00eas temporadas apontou 55 golos.<\/p>\n<p>Esta temporada, Franculino Dj\u00fa somou tr\u00eas golos e duas assist\u00eancias em dez jogos pelo Midtjylland, preparando-se agora para uma aventura na Turquia, onde encontrar\u00e1 Mohamed Salah.<\/p>\n<blockquote class=\"twitter-tweet\">\n<p lang=\"tr\">Ho\u015f geldin \ud835\udc05\ud835\udc2b\ud835\udc1a\ud835\udc27\ud835\udc1c\ud835\udc2e\ud835\udc25\ud835\udc22\ud835\udc27\ud835\udc28 \ud835\udc03\ud835\udc23\ud835\udc2e \ud83e\udd1d <a href=\"https:\/\/t.co\/j5677d3eEV\" rel=\"nofollow\">pic.twitter.com\/j5677d3eEV<\/a><\/p>\n<p> \u2014 Trabzonspor (@Trabzonspor)<br \/>\n  <a href=\"https:\/\/x.com\/Trabzonspor\/status\/2095255466737578303?ref_src=twsrc%5Etfw\" rel=\"nofollow\">September 2, 2026<\/a>\n <\/p><\/blockquote>\n<p>                                <script async src=\"https:\/\/platform.twitter.com\/widgets.js\" charset=\"utf-8\"><\/script><\/p>\n","protected":false},"excerpt":{"rendered":"O Trabzonspor anunciou, esta quarta-feira, a contrata\u00e7\u00e3o de Franculino Dj\u00fa, proveniente do Midtjylland.\u00a0 O avan\u00e7ado de 22 anos,&hellip;\n","protected":false},"author":2,"featured_media":510039,"comment_status":"","ping_status":"","sticky":false,"template":"","format":"standard","meta":{"footnotes":"","_share_on_mastodon":"0"},"categories":[87],"tags":[135,15613,82,46,40,42,41,32,33,47,134,11935,35,2428],"class_list":["post-510038","post","type-post","status-publish","format-standard","has-post-thumbnail","category-desporto","tag-desporto","tag-franculino-dju","tag-internacional","tag-maisfutebol","tag-maistransferencias","tag-mercado","tag-mercado-de-transferencias","tag-portugal","tag-pt","tag-pura-paixao","tag-sports","tag-trabzonspor","tag-transferencias","tag-turquia"],"share_on_mastodon":{"url":"https:\/\/pubeurope.com\/@pt\/117206146360499060","error":""},"_links":{"self":[{"href":"https:\/\/www.europesays.com\/pt\/wp-json\/wp\/v2\/posts\/510038","targetHints":{"allow":["GET"]}}],"collection":[{"href":"https:\/\/www.europesays.com\/pt\/wp-json\/wp\/v2\/posts"}],"about":[{"href":"https:\/\/www.europesays.com\/pt\/wp-json\/wp\/v2\/types\/post"}],"author":[{"embeddable":true,"href":"https:\/\/www.europesays.com\/pt\/wp-json\/wp\/v2\/users\/2"}],"replies":[{"embeddable":true,"href":"https:\/\/www.europesays.com\/pt\/wp-json\/wp\/v2\/comments?post=510038"}],"version-history":[{"count":0,"href":"https:\/\/www.europesays.com\/pt\/wp-json\/wp\/v2\/posts\/510038\/revisions"}],"wp:featuredmedia":[{"embeddable":true,"href":"https:\/\/www.europesays.com\/pt\/wp-json\/wp\/v2\/media\/510039"}],"wp:attachment":[{"href":"https:\/\/www.europesays.com\/pt\/wp-json\/wp\/v2\/media?parent=510038"}],"wp:term":[{"taxonomy":"category","embeddable":true,"href":"https:\/\/www.europesays.com\/pt\/wp-json\/wp\/v2\/categories?post=510038"},{"taxonomy":"post_tag","embeddable":true,"href":"https:\/\/www.europesays.com\/pt\/wp-json\/wp\/v2\/tags?post=510038"}],"curies":[{"name":"wp","href":"https:\/\/api.w.org\/{rel}","templated":true}]}}