{"id":510044,"date":"2026-09-03T08:27:14","date_gmt":"2026-09-03T08:27:14","guid":{"rendered":"https:\/\/www.europesays.com\/pt\/510044\/"},"modified":"2026-09-03T08:27:14","modified_gmt":"2026-09-03T08:27:14","slug":"quatro-membros-de-familia-mortos-a-tiro-em-franca-incluindo-2-criancas","status":"publish","type":"post","link":"https:\/\/www.europesays.com\/pt\/510044\/","title":{"rendered":"Quatro membros de fam\u00edlia mortos a tiro em Fran\u00e7a (incluindo 2 crian\u00e7as)"},"content":{"rendered":"<p class=\"text-paragraph\">O jornal L&#8217;Est R\u00e9publicain noticiou hoje que o incidente ocorreu num parque de campismo e autocaravanas na cidade de Gy, no departamento de Haute-Sa\u00f4ne, a meio caminho entre Dijon e Besan\u00e7on.<\/p>\n<p class=\"text-paragraph\">Os corpos encontrados pela Gendarmerie s\u00e3o de um homem, de uma mulher de quem se estava a divorciar e das duas crian\u00e7as, de 6 e 9 anos.<\/p>\n<p class=\"text-paragraph\">Segundo o jornal, o homem matou os outros tr\u00eas membros da fam\u00edlia com uma espingarda antes de usar a arma para tirar a pr\u00f3pria vida.<\/p>\n<p class=\"text-paragraph\">As autoridades abriram uma investiga\u00e7\u00e3o por homic\u00eddio volunt\u00e1rio para tentar esclarecer as circunst\u00e2ncias do incidente.<\/p>\n<p>Leia Tamb\u00e9m: <a href=\"https:\/\/www.noticiasaominuto.com\/mundo\/3044843\/ucrania-franca-quer-reuniao-sobre-guerra-durante-semana-de-alto-nivel-da-onu\" target=\"_blank\" rel=\"noopener noreferrer nofollow\">Fran\u00e7a quer reuni\u00e3o sobre guerra na Ucr\u00e2nia durante Semana da ONU<\/a><\/p>\n","protected":false},"excerpt":{"rendered":"O jornal L&#8217;Est R\u00e9publicain noticiou hoje que o incidente ocorreu num parque de campismo e autocaravanas na cidade&hellip;\n","protected":false},"author":2,"featured_media":510045,"comment_status":"","ping_status":"","sticky":false,"template":"","format":"standard","meta":{"footnotes":"","_share_on_mastodon":"0"},"categories":[50],"tags":[27,28,15,16,14,25,26,21,22,62,12,13,19,20,23,24,17,18,29,30,31,63,64,65],"class_list":["post-510044","post","type-post","status-publish","format-standard","has-post-thumbnail","category-mundo","tag-breaking-news","tag-breakingnews","tag-featured-news","tag-featurednews","tag-headlines","tag-latest-news","tag-latestnews","tag-main-news","tag-mainnews","tag-mundo","tag-news","tag-noticias","tag-noticias-principais","tag-noticiasprincipais","tag-principais-noticias","tag-principaisnoticias","tag-top-stories","tag-topstories","tag-ultimas","tag-ultimas-noticias","tag-ultimasnoticias","tag-world","tag-world-news","tag-worldnews"],"share_on_mastodon":{"url":"https:\/\/pubeurope.com\/@pt\/117206164796472543","error":""},"_links":{"self":[{"href":"https:\/\/www.europesays.com\/pt\/wp-json\/wp\/v2\/posts\/510044","targetHints":{"allow":["GET"]}}],"collection":[{"href":"https:\/\/www.europesays.com\/pt\/wp-json\/wp\/v2\/posts"}],"about":[{"href":"https:\/\/www.europesays.com\/pt\/wp-json\/wp\/v2\/types\/post"}],"author":[{"embeddable":true,"href":"https:\/\/www.europesays.com\/pt\/wp-json\/wp\/v2\/users\/2"}],"replies":[{"embeddable":true,"href":"https:\/\/www.europesays.com\/pt\/wp-json\/wp\/v2\/comments?post=510044"}],"version-history":[{"count":0,"href":"https:\/\/www.europesays.com\/pt\/wp-json\/wp\/v2\/posts\/510044\/revisions"}],"wp:featuredmedia":[{"embeddable":true,"href":"https:\/\/www.europesays.com\/pt\/wp-json\/wp\/v2\/media\/510045"}],"wp:attachment":[{"href":"https:\/\/www.europesays.com\/pt\/wp-json\/wp\/v2\/media?parent=510044"}],"wp:term":[{"taxonomy":"category","embeddable":true,"href":"https:\/\/www.europesays.com\/pt\/wp-json\/wp\/v2\/categories?post=510044"},{"taxonomy":"post_tag","embeddable":true,"href":"https:\/\/www.europesays.com\/pt\/wp-json\/wp\/v2\/tags?post=510044"}],"curies":[{"name":"wp","href":"https:\/\/api.w.org\/{rel}","templated":true}]}}