{"id":510088,"date":"2026-09-03T09:14:04","date_gmt":"2026-09-03T09:14:04","guid":{"rendered":"https:\/\/www.europesays.com\/pt\/510088\/"},"modified":"2026-09-03T09:14:04","modified_gmt":"2026-09-03T09:14:04","slug":"do-efeito-domino-incompleto-ao-volte-face-a-meio-de-um-voo-observador","status":"publish","type":"post","link":"https:\/\/www.europesays.com\/pt\/510088\/","title":{"rendered":"Do efeito domin\u00f3 incompleto ao volte-face a meio de um voo \u2013 Observador"},"content":{"rendered":"<p>O fecho do mercado de transfer\u00eancias de ver\u00e3o de 2026 ficar\u00e1 na hist\u00f3ria da Premier League \u2013 e n\u00e3o apenas pelos n\u00fameros. Foi o ver\u00e3o mais dispendioso de sempre na liga inglesa, com o Manchester City a gastar sozinho 562,5 milh\u00f5es de libras (cerca de 655 milh\u00f5es de euros), um novo recorde. Mas foram as <strong>hist\u00f3rias que aconteceram nas \u00faltimas horas<\/strong>, muito mais do que os valores, que fizeram deste fecho algo dif\u00edcil de esquecer.<\/p>\n<p>A hist\u00f3ria central envolve quatro jogadores, tr\u00eas clubes e <strong>um efeito domin\u00f3 que s\u00f3 precisava de uma pe\u00e7a fora do s\u00edtio para desabar<\/strong> \u2013 e foi precisamente o que aconteceu. Tudo come\u00e7ou com a venda de Enzo Fernandez do Chelsea para o Manchester City por 125 milh\u00f5es de libras (cerca de 146 milh\u00f5es de euros), igualando o recorde brit\u00e2nico de transfer\u00eancias \u2013 o mesmo valor que o Liverpool tinha pago ao Newcastle por Alexander Isak no ver\u00e3o anterior. O Chelsea, cujos adeptos tinham vaiado o jogador num amig\u00e1vel de pr\u00e9-\u00e9poca e na estreia da Premier contra o Fulham, precisava de um substituto imediato e encontrou-o: Lamine Camara, m\u00e9dio internacional senegal\u00eas de 22 anos do M\u00f3naco, por 54,8 milh\u00f5es de euros. Toda a papelada estava tratada, o voo estava marcado para o dia seguinte. O neg\u00f3cio estava feito \u2013 at\u00e9 deixar de estar.<\/p>\n<p>O M\u00f3naco s\u00f3 comunicou, por escrito, j\u00e1 depois das 23h00, <strong>que o neg\u00f3cio tinha ficado sem efeito.<\/strong> O Chelsea ficou \u201cprofundamente insatisfeito\u201d com o comportamento do clube do Principado, que considerou \u201cpouco profissional\u201d, segundo a <a href=\"https:\/\/www.skysports.com\/transfer\/news\/11668\/13580189\/lamine-camara-monaco-pull-out-of-selling-midfielder-to-chelsea-in-47m-deal-after-blues-agreed-deal-for-enzo-fernandez-replacement\" rel=\"nofollow noopener\" target=\"_blank\">Sky Sports<\/a>. A raz\u00e3o para a desist\u00eancia do M\u00f3naco estava noutro neg\u00f3cio: Folarin Balogun.<\/p>\n<p>O avan\u00e7ado norte-americano tinha sido uma das figuras do Mundial de 2026 \u2013 marcou dois golos e foi suspenso por acumula\u00e7\u00e3o de cart\u00f5es, numa decis\u00e3o que foi anulada ap\u00f3s uma <a href=\"https:\/\/observador.pt\/2026\/07\/05\/trump-telefonou-a-infantino-para-rever-suspensao-de-balogun-que-pode-agora-jogar-contra-a-belgica\/\" rel=\"nofollow noopener\" target=\"_blank\">alegada interven\u00e7\u00e3o de Donald Trump<\/a> junto da FIFA, numa das maiores pol\u00e9micas do torneio. Chegou ao fecho do mercado com o futuro indefinido. O Everton conseguiu um acordo com os monegascos e submeteu uma dealsheet (folha de acordo, traduzido \u00e0 letra) \u2013 um documento que garante ao clube ingl\u00eas um per\u00edodo de gra\u00e7a adicional de duas horas para fechar o neg\u00f3cio ap\u00f3s o fecho da janela de transfer\u00eancias. Mas Balogun foi a Finch Farm \u2013 o centro de treinos do Everton \u2013 e saiu sem assinar. <strong>O neg\u00f3cio caiu<\/strong>. O avan\u00e7ado ficou em Monte Carlo, libertou Camara para ir para o Chelsea \u2013 mas j\u00e1 <strong>era demasiado tarde<\/strong>.<\/p>\n<blockquote class=\"wp-embedded-content\" data-secret=\"7ludYhMm30\">\n<p><a href=\"https:\/\/observador.pt\/2026\/07\/05\/trump-telefonou-a-infantino-para-rever-suspensao-de-balogun-que-pode-agora-jogar-contra-a-belgica\/\" rel=\"nofollow noopener\" target=\"_blank\">Trump telefonou a Infantino para rever suspens\u00e3o de Balogun, que pode agora jogar contra a B\u00e9lgica<\/a><\/p>\n<\/blockquote>\n<p>O Everton, entretanto, tinha tentado uma alternativa: Joshua Zirkzee, do Manchester United. Old Trafford recusou, alegando n\u00e3o ter tempo suficiente para encontrar um substituto. Resultado: o Everton terminou o mercado com apenas um avan\u00e7ado s\u00e9nior \u2013 Thierno Barry \u2013, depois de ter vendido Beto \u00e0 Fiorentina de manh\u00e3. O <strong>Chelsea terminou sem substituto para Enzo Fernandez<\/strong>. E o M\u00f3naco ficou com Balogun, que tinha recusado o Everton, e sem Camara, que ficou no Principado quando j\u00e1 estava praticamente a caminho de Londres.<\/p>\n<p>Mas o mercado reservava ainda outra hist\u00f3ria, desta vez passada nos aeroportos da Europa. Malick Fofana, extremo belga do Lyon, de 21 anos, estava a ser disputado por dois clubes ingleses: o Sunderland e o Crystal Palace. O Arsenal tinha mostrado interesse mas nunca avan\u00e7ou de forma s\u00e9ria. No \u00faltimo dia do mercado, Fofana chegou a acordo com o Sunderland, fez os exames m\u00e9dicos em Lyon e estava pronto para viajar. <strong>No aeroporto, havia dois jatos privados \u00e0 espera<\/strong> \u2014 um com destino a Sunderland, outro com destino a Londres, onde o Crystal Palace o esperava. Fofana escolheu Londres e embarcou no avi\u00e3o do Palace. O Sunderland, recusando aceitar a derrota, melhorou a proposta aos agentes do jogador. Fofana parou de responder \u00e0s mensagens do Crystal Palace. J\u00e1 estava em Londres. Desceu do avi\u00e3o e assinou pelo Sunderland \u2013 deixando para a posteridade uma das hist\u00f3rias mais surreais do deadline day europeu dos \u00faltimos anos.<\/p>\n<p>Depois de fechado o neg\u00f3cio, os black cats\u00a0divulgaram a chegada do extremo e ainda deixaram uma descri\u00e7\u00e3o sobre o epis\u00f3dio. <strong>\u201cSempre foi o Sunderland\u201d<\/strong>, escreveram, sem mais detalhes.<\/p>\n<blockquote class=\"twitter-tweet\" data-width=\"500\" data-dnt=\"true\">\n<p lang=\"en\" dir=\"ltr\">It was always Sunderland.<\/p>\n<p>Belgium winger Malick Fofana joins from Olympique Lyonnais on a long-term contract! \u270d\ufe0f\u26a1\ufe0f <a href=\"https:\/\/t.co\/1VGPDAhBBA\" rel=\"nofollow\">pic.twitter.com\/1VGPDAhBBA<\/a><\/p>\n<p>\u2014 Sunderland AFC (@SunderlandAFC) <a href=\"https:\/\/x.com\/SunderlandAFC\/status\/2094927812314407292?ref_src=twsrc%5Etfw\" rel=\"nofollow\">September 1, 2026<\/a><\/p>\n<\/blockquote>\n<p>Num ver\u00e3o que bateu todos os recordes de gastos na Premier League, foi precisamente <strong>nas hist\u00f3rias que n\u00e3o envolveram transfer\u00eancias<\/strong> que o mercado de 2026 se tornou verdadeiramente memor\u00e1vel. O Chelsea ficou sem substituto para o seu m\u00e9dio mais caro. O Everton ficou sem avan\u00e7ado. Balogun ficou no M\u00f3naco. E algures num aeroporto, um jogador belga mudou de avi\u00e3o a meio do caminho \u2013 e acabou num s\u00edtio completamente diferente do que estava planeado.<\/p>\n<p>            <script async src=\"https:\/\/platform.twitter.com\/widgets.js\" charset=\"utf-8\"><\/script><\/p>\n","protected":false},"excerpt":{"rendered":"O fecho do mercado de transfer\u00eancias de ver\u00e3o de 2026 ficar\u00e1 na hist\u00f3ria da Premier League \u2013 e&hellip;\n","protected":false},"author":2,"featured_media":510089,"comment_status":"","ping_status":"","sticky":false,"template":"","format":"standard","meta":{"footnotes":"","_share_on_mastodon":"0"},"categories":[8],"tags":[27,28,135,15,16,524,14,25,26,21,22,12,13,19,20,32,666,23,24,33,17,18,29,30,31],"class_list":["post-510088","post","type-post","status-publish","format-standard","has-post-thumbnail","category-principais-noticias","tag-breaking-news","tag-breakingnews","tag-desporto","tag-featured-news","tag-featurednews","tag-futebol","tag-headlines","tag-latest-news","tag-latestnews","tag-main-news","tag-mainnews","tag-news","tag-noticias","tag-noticias-principais","tag-noticiasprincipais","tag-portugal","tag-premier-league","tag-principais-noticias","tag-principaisnoticias","tag-pt","tag-top-stories","tag-topstories","tag-ultimas","tag-ultimas-noticias","tag-ultimasnoticias"],"share_on_mastodon":{"url":"","error":""},"_links":{"self":[{"href":"https:\/\/www.europesays.com\/pt\/wp-json\/wp\/v2\/posts\/510088","targetHints":{"allow":["GET"]}}],"collection":[{"href":"https:\/\/www.europesays.com\/pt\/wp-json\/wp\/v2\/posts"}],"about":[{"href":"https:\/\/www.europesays.com\/pt\/wp-json\/wp\/v2\/types\/post"}],"author":[{"embeddable":true,"href":"https:\/\/www.europesays.com\/pt\/wp-json\/wp\/v2\/users\/2"}],"replies":[{"embeddable":true,"href":"https:\/\/www.europesays.com\/pt\/wp-json\/wp\/v2\/comments?post=510088"}],"version-history":[{"count":0,"href":"https:\/\/www.europesays.com\/pt\/wp-json\/wp\/v2\/posts\/510088\/revisions"}],"wp:featuredmedia":[{"embeddable":true,"href":"https:\/\/www.europesays.com\/pt\/wp-json\/wp\/v2\/media\/510089"}],"wp:attachment":[{"href":"https:\/\/www.europesays.com\/pt\/wp-json\/wp\/v2\/media?parent=510088"}],"wp:term":[{"taxonomy":"category","embeddable":true,"href":"https:\/\/www.europesays.com\/pt\/wp-json\/wp\/v2\/categories?post=510088"},{"taxonomy":"post_tag","embeddable":true,"href":"https:\/\/www.europesays.com\/pt\/wp-json\/wp\/v2\/tags?post=510088"}],"curies":[{"name":"wp","href":"https:\/\/api.w.org\/{rel}","templated":true}]}}