{"id":510100,"date":"2026-09-03T09:27:13","date_gmt":"2026-09-03T09:27:13","guid":{"rendered":"https:\/\/www.europesays.com\/pt\/510100\/"},"modified":"2026-09-03T09:27:13","modified_gmt":"2026-09-03T09:27:13","slug":"diretor-do-banco-estatal-sberbank-alerta-que-economia-russa-esta-em-hipotermia-invasao-da-ucrania","status":"publish","type":"post","link":"https:\/\/www.europesays.com\/pt\/510100\/","title":{"rendered":"Diretor do banco estatal Sberbank alerta que economia russa est\u00e1 em hipotermia &#8211; Invas\u00e3o da Ucr\u00e2nia"},"content":{"rendered":"<p class=\"\">&#13;<br \/>\n        A economia russa est\u00e1 &#8220;em hipotermia&#8221;, alertou esta quinta-feira o diretor-geral do banco estatal russo Sberbank &#8211; alvo de san\u00e7\u00f5es por parte do Ocidente devido \u00e0 guerra na Ucr\u00e2nia -, que apelou \u00e0 ajuda para o setor empresarial da R\u00fassia.&#13;\n    <\/p>\n<p class=\"\">&#13;<br \/>\n        &#8220;Hoje, na minha opini\u00e3o, isto j\u00e1 \u00e9 algo evidente. H\u00e1 sempre um jogo de palavras: que significados atribu\u00edmos a certas defini\u00e7\u00f5es. O Banco Central fala de uma desacelera\u00e7\u00e3o gradual, mas n\u00f3s qualificamos a situa\u00e7\u00e3o como arrefecimento, ou mesmo em hipotermia. Os n\u00fameros falam por si&#8221;, afirmou Guerman Gref \u00e0 imprensa, no \u00e2mbito do F\u00f3rum Econ\u00f3mico Oriental, realizado na cidade russa de Vladivostok.&#13;\n    <\/p>\n<p class=\"\">&#13;<br \/>\n        Gref chamou a aten\u00e7\u00e3o para a redu\u00e7\u00e3o &#8220;significativa dos indicadores do clima empresarial durante o ver\u00e3o de 2026&#8221;, bem como dos n\u00edveis de desemprego, consumo e forma\u00e7\u00e3o bruta de capital fixo.&#13;\n    <\/p>\n<p class=\"\">&#13;<br \/>\n        De acordo com Gref, o crescimento do PIB russo durante o primeiro semestre do ano, que estimou em 0,6%, \u00e9 consideravelmente inferior ao crescimento potencial da economia, indicador estimado pelo Banco Central Russo entre 1,5% e 2,5%.&#13;\n    <\/p>\n<p class=\"\">&#13;<br \/>\n        &#8220;Todos estes fatores indicam que, evidentemente, precisamos de passar para uma pol\u00edtica de apoio e est\u00edmulo ao crescimento e ao aumento do investimento&#8221;, salientou.&#13;\n    <\/p>\n<p class=\"\">&#13;<br \/>\n        O diretor do Sberbank alertou que n\u00e3o haver\u00e1 um ponto de viragem &#8220;at\u00e9 que as taxas de mercado se normalizem e se situem na faixa dos 10-12%&#8221;.&#13;\n    <\/p>\n<p class=\"\">&#13;<br \/>\n        &#8220;O regresso a esses indicadores normalizados \u00e9, na minha opini\u00e3o, a tarefa fundamental neste momento para retomar e estabilizar o crescimento econ\u00f3mico. Penso que todos devem prestar aten\u00e7\u00e3o \u00e0s condi\u00e7\u00f5es macroecon\u00f3micas; as empresas precisam de ajuda&#8221;, concluiu.&#13;\n    <\/p>\n<p class=\"\">&#13;<br \/>\n        Os economistas da oposi\u00e7\u00e3o russa preveem que, no pr\u00f3ximo ano, se intensifique o confronto entre as autoridades econ\u00f3micas que apoiam uma pol\u00edtica monet\u00e1ria restritiva, com o objetivo de reduzir a infla\u00e7\u00e3o &#8212; como \u00e9 o caso do Banco Central russo &#8212;, e os defensores da desvaloriza\u00e7\u00e3o do rublo para favorecer o clima de investimento, como a confedera\u00e7\u00e3o patronal russa e o Sberbank, o maior banco do pa\u00eds.&#13;\n    <\/p>\n","protected":false},"excerpt":{"rendered":"&#13; A economia russa est\u00e1 &#8220;em hipotermia&#8221;, alertou esta quinta-feira o diretor-geral do banco estatal russo Sberbank &#8211;&hellip;\n","protected":false},"author":2,"featured_media":510101,"comment_status":"","ping_status":"","sticky":false,"template":"","format":"standard","meta":{"footnotes":"","_share_on_mastodon":"0"},"categories":[50],"tags":[44065,27,28,68910,52197,15,16,14,25,26,21,22,62,12,13,19,20,23,24,839,51875,42563,81741,17,18,840,29,30,31,81742,63,64,65],"class_list":["post-510100","post","type-post","status-publish","format-standard","has-post-thumbnail","category-mundo","tag-banco-central-do-brasil","tag-breaking-news","tag-breakingnews","tag-economia-se","tag-economista","tag-featured-news","tag-featurednews","tag-headlines","tag-latest-news","tag-latestnews","tag-main-news","tag-mainnews","tag-mundo","tag-news","tag-noticias","tag-noticias-principais","tag-noticiasprincipais","tag-principais-noticias","tag-principaisnoticias","tag-russia","tag-russo","tag-sancoes-economicas","tag-sberbank","tag-top-stories","tag-topstories","tag-ucrania","tag-ultimas","tag-ultimas-noticias","tag-ultimasnoticias","tag-vladivostok","tag-world","tag-world-news","tag-worldnews"],"share_on_mastodon":{"url":"","error":""},"_links":{"self":[{"href":"https:\/\/www.europesays.com\/pt\/wp-json\/wp\/v2\/posts\/510100","targetHints":{"allow":["GET"]}}],"collection":[{"href":"https:\/\/www.europesays.com\/pt\/wp-json\/wp\/v2\/posts"}],"about":[{"href":"https:\/\/www.europesays.com\/pt\/wp-json\/wp\/v2\/types\/post"}],"author":[{"embeddable":true,"href":"https:\/\/www.europesays.com\/pt\/wp-json\/wp\/v2\/users\/2"}],"replies":[{"embeddable":true,"href":"https:\/\/www.europesays.com\/pt\/wp-json\/wp\/v2\/comments?post=510100"}],"version-history":[{"count":0,"href":"https:\/\/www.europesays.com\/pt\/wp-json\/wp\/v2\/posts\/510100\/revisions"}],"wp:featuredmedia":[{"embeddable":true,"href":"https:\/\/www.europesays.com\/pt\/wp-json\/wp\/v2\/media\/510101"}],"wp:attachment":[{"href":"https:\/\/www.europesays.com\/pt\/wp-json\/wp\/v2\/media?parent=510100"}],"wp:term":[{"taxonomy":"category","embeddable":true,"href":"https:\/\/www.europesays.com\/pt\/wp-json\/wp\/v2\/categories?post=510100"},{"taxonomy":"post_tag","embeddable":true,"href":"https:\/\/www.europesays.com\/pt\/wp-json\/wp\/v2\/tags?post=510100"}],"curies":[{"name":"wp","href":"https:\/\/api.w.org\/{rel}","templated":true}]}}