{"id":510108,"date":"2026-09-03T09:38:19","date_gmt":"2026-09-03T09:38:19","guid":{"rendered":"https:\/\/www.europesays.com\/pt\/510108\/"},"modified":"2026-09-03T09:38:19","modified_gmt":"2026-09-03T09:38:19","slug":"pensei-que-ja-tinha-encerrado-este-capitulo-esta-confirmada-a-primeira-comentadora-do-big-brother-all-stars-big-brother-verao-2026-ultimas-noticias-videos-e-diretos","status":"publish","type":"post","link":"https:\/\/www.europesays.com\/pt\/510108\/","title":{"rendered":"\u00abPensei que j\u00e1 tinha encerrado este cap\u00edtulo\u00bb: est\u00e1 confirmada a primeira comentadora do Big Brother All Stars &#8211; Big Brother Ver\u00e3o 2026: \u00daltimas Not\u00edcias, V\u00eddeos e Diretos"},"content":{"rendered":"<p>O painel de comentadores do \u201cBig Brother All Stars\u201d vai sofrer reformula\u00e7\u00f5es. \u00a0<\/p>\n<p>Para acompanhar tudo o que vai acontecer entre os melhores dos melhores, o Big Brother All Stars vai contar com nomes de peso no coment\u00e1rio e o primeiro est\u00e1 confirmado. <strong>Susana Dias Ramos<\/strong> regressa ao universo dos reality shows para analisar os acontecimentos dentro e fora da casa.<\/p>\n<p>\u00a0<\/p>\n<p><a target=\"_self\" rel=\"noopener noreferrer nofollow\" href=\"https:\/\/tvi.iol.pt\/bigbrother\/video\/susana-dias-ramos-revela-novo-projeto-profissional-na-tvi\/6a97eaf30cf2b42132dbfc7b\">Numa entrevista exclusiva no Dois \u00e0s 10<\/a>, a psic\u00f3loga revelou o motivo pelo qual aceitou o convite: <strong>\u00abEstava com falta de hate. Toda a gente muito amiga, tudo a dizer bem de mim&#8230; Vou arranjar sarilho\u00bb<\/strong>, brinca.<\/p>\n<p>Meses ap\u00f3s a \u00faltima participa\u00e7\u00e3o no painel de comentadores, Susana Dias Ramos garante que n\u00e3o se chateou com ningu\u00e9m nem foi afastada do formato: \u00abProfissionalmente era muito dif\u00edcil conciliar a cl\u00ednica, o meu filho, os programas \u00e0 noite&#8230; Continuo a viver no Porto e era muito complicado para mim\u00bb.<\/p>\n<p>O Big Brother All Stars estreia dia 6 de setembro e isto \u00e9 <a target=\"_self\" rel=\"noopener noreferrer nofollow\" href=\"https:\/\/tvi.iol.pt\/bigbrother\/geral\/20260901\/vencedores-finalistas-e-os-mais-polemicos-de-sempre-estes-sao-os-escolhidos-para-entrar-no-big-brother-all-stars\">tudo o que j\u00e1 sabemos sobre o novo programa.<\/a><\/p>\n","protected":false},"excerpt":{"rendered":"O painel de comentadores do \u201cBig Brother All Stars\u201d vai sofrer reformula\u00e7\u00f5es. \u00a0 Para acompanhar tudo o que&hellip;\n","protected":false},"author":2,"featured_media":510109,"comment_status":"","ping_status":"","sticky":false,"template":"","format":"standard","meta":{"footnotes":"","_share_on_mastodon":"0"},"categories":[85],"tags":[331,48,333,328,335,336,114,115,334,332,330,338,13,32,33,23734,162,227],"class_list":["post-510108","post","type-post","status-publish","format-standard","has-post-thumbnail","category-entretenimento","tag-big","tag-big-brother","tag-comentadores","tag-concorrentes","tag-confrontos","tag-discussoes","tag-entertainment","tag-entretenimento","tag-exclusivos","tag-expulso","tag-gala","tag-maria-botelho-moniz","tag-noticias","tag-portugal","tag-pt","tag-susana-dias-ramos","tag-tvi","tag-videos"],"share_on_mastodon":{"url":"https:\/\/pubeurope.com\/@pt\/117206444278390323","error":""},"_links":{"self":[{"href":"https:\/\/www.europesays.com\/pt\/wp-json\/wp\/v2\/posts\/510108","targetHints":{"allow":["GET"]}}],"collection":[{"href":"https:\/\/www.europesays.com\/pt\/wp-json\/wp\/v2\/posts"}],"about":[{"href":"https:\/\/www.europesays.com\/pt\/wp-json\/wp\/v2\/types\/post"}],"author":[{"embeddable":true,"href":"https:\/\/www.europesays.com\/pt\/wp-json\/wp\/v2\/users\/2"}],"replies":[{"embeddable":true,"href":"https:\/\/www.europesays.com\/pt\/wp-json\/wp\/v2\/comments?post=510108"}],"version-history":[{"count":0,"href":"https:\/\/www.europesays.com\/pt\/wp-json\/wp\/v2\/posts\/510108\/revisions"}],"wp:featuredmedia":[{"embeddable":true,"href":"https:\/\/www.europesays.com\/pt\/wp-json\/wp\/v2\/media\/510109"}],"wp:attachment":[{"href":"https:\/\/www.europesays.com\/pt\/wp-json\/wp\/v2\/media?parent=510108"}],"wp:term":[{"taxonomy":"category","embeddable":true,"href":"https:\/\/www.europesays.com\/pt\/wp-json\/wp\/v2\/categories?post=510108"},{"taxonomy":"post_tag","embeddable":true,"href":"https:\/\/www.europesays.com\/pt\/wp-json\/wp\/v2\/tags?post=510108"}],"curies":[{"name":"wp","href":"https:\/\/api.w.org\/{rel}","templated":true}]}}