{"id":510144,"date":"2026-09-03T10:20:14","date_gmt":"2026-09-03T10:20:14","guid":{"rendered":"https:\/\/www.europesays.com\/pt\/510144\/"},"modified":"2026-09-03T10:20:14","modified_gmt":"2026-09-03T10:20:14","slug":"cabinda-regista-segunda-morte-por-variola-dos-macacos","status":"publish","type":"post","link":"https:\/\/www.europesays.com\/pt\/510144\/","title":{"rendered":"Cabinda regista segunda morte por var\u00edola dos macacos"},"content":{"rendered":"<p>Omar Prata<\/p>\n<p>3 de Setembro\u00a02026 \u00e0s 10:36<\/p>\n<p>O secret\u00e1rio provincial da Sa\u00fade, R\u00faben Buco, explicou, \u00e0 sa\u00edda da reuni\u00e3o da Comiss\u00e3o Provincial de Preven\u00e7\u00e3o e Combate \u00e0 Var\u00edola dos Macacos e \u00c9bola, citado pela ANGOP, que a regi\u00e3o apresenta um quadro total de 381 casos, dos quais 264 positivos, al\u00e9m de 37 pacientes internados e 225 altas hospitalares.<\/p>\n<p>Disse tamb\u00e9m que a v\u00edtima mortal de mpox era portadora de uma infec\u00e7\u00e3o cr\u00f3nica e tinha outras complica\u00e7\u00f5es de sa\u00fade, o que contribuiu para que n\u00e3o conseguisse resistir.<\/p>\n<p>A mesma fonte avan\u00e7a ainda que Cabinda est\u00e1 a imunizar a popula\u00e7\u00e3o desde a \u00faltima ter\u00e7a-feira, 1, para mitigar e prevenir que outras pessoas contraiam a doen\u00e7a.<\/p>\n<p>A var\u00edola dos macacos (mpox) \u00e9 uma doen\u00e7a viral que pode ser transmitida atrav\u00e9s de contacto pr\u00f3ximo com pessoas infectadas, pelo que os especialistas recomendam a adop\u00e7\u00e3o de medidas de higiene, como a lavagem correcta das m\u00e3os, e evitar contacto pr\u00f3ximo com pessoas que apresentem sintomas da doen\u00e7a.<\/p>\n<p>A <a href=\"https:\/\/www.novojornal.co.ao\/sociedade\/detalhe\/cabinda-regista-primeira-morte-por-variola-dos-macacos-e-assinala-41-internamentos-74347.html\" target=\"_blank\" rel=\"nofollow noopener\"><strong>primeira paciente a falecer<\/strong><\/a> com mpox na regi\u00e3o tinha 46 anos.<\/p>\n<p>A<a href=\"https:\/\/novojornal.co.ao\/sociedade\/detalhe\/moxico-leste-confirma-14-casos-de-variola-dos-macacos-vindos-da-rdc-73553.html\" target=\"_blank\" rel=\"nofollow noopener\"><strong> doen\u00e7a j\u00e1 foi registada no Moxico Leste<\/strong><\/a><b>, <a href=\"https:\/\/novojornal.co.ao\/sociedade\/detalhe\/lunda-sul-regista-primeiro-caso-de-variola-dos-macacos-74131.html\" target=\"_blank\" rel=\"nofollow noopener\">na Lunda-Sul<\/a>, <a href=\"https:\/\/www.novojornal.co.ao\/sociedade\/detalhe\/uige-e-zaire-em-alerta-depois-de-primeiro-caso-confirmado-de-variola-dos-macacos-ha-mais-tres-casos-suspeitos-que-aguardam-resultados-laboratoriais-71845.html\" target=\"_blank\" rel=\"nofollow noopener\">no U\u00edge<\/a>, <\/b><a href=\"https:\/\/www.novojornal.co.ao\/sociedade\/detalhe\/detectado-na-provincia-de-luanda-um-caso-de-mpox---minsa-38502.html\" target=\"_blank\" rel=\"nofollow noopener\"><strong>al\u00e9m de ter sido respons\u00e1vel por um surto que atingiu o Pa\u00eds em 2024.<\/strong><\/a><\/p>\n","protected":false},"excerpt":{"rendered":"Omar Prata 3 de Setembro\u00a02026 \u00e0s 10:36 O secret\u00e1rio provincial da Sa\u00fade, R\u00faben Buco, explicou, \u00e0 sa\u00edda da&hellip;\n","protected":false},"author":2,"featured_media":510145,"comment_status":"","ping_status":"","sticky":false,"template":"","format":"standard","meta":{"footnotes":"","_share_on_mastodon":"0"},"categories":[86],"tags":[2992,2713,836,1063,1753,3003,2995,470,1195,315,135,3005,476,2993,2258,1169,2085,524,3002,3000,643,116,2998,2086,1856,82,2513,1428,2996,2994,2997,606,3001,62,150,619,718,2990,13,2991,2989,835,602,52,32,2999,33,548,679,117,58,2387,218,605,151,578,3004],"class_list":["post-510144","post","type-post","status-publish","format-standard","has-post-thumbnail","category-saude","tag-actualidade","tag-africa","tag-analise","tag-angola","tag-artes","tag-assinatura","tag-benguela","tag-cinema","tag-concerto","tag-cultura","tag-desporto","tag-download","tag-economia","tag-editorial","tag-eleicoes","tag-facebook","tag-fotografia","tag-futebol","tag-galeria","tag-girabola","tag-google","tag-health","tag-huambo","tag-imagem","tag-informacao","tag-internacional","tag-jornal","tag-jornalismo","tag-lobito","tag-luanda","tag-lubango","tag-meteorologia","tag-multimedia","tag-mundo","tag-musica","tag-nacional","tag-newsletter","tag-nj","tag-noticias","tag-nova-vaga","tag-novo-jornal","tag-opiniao","tag-pais","tag-politica","tag-portugal","tag-provincias","tag-pt","tag-redes-sociais","tag-reportagem","tag-saude","tag-sociedade","tag-teatro","tag-televisao","tag-tempo","tag-tv","tag-video","tag-youtube"],"share_on_mastodon":{"url":"","error":"Validation failed: Text character limit of 500 exceeded"},"_links":{"self":[{"href":"https:\/\/www.europesays.com\/pt\/wp-json\/wp\/v2\/posts\/510144","targetHints":{"allow":["GET"]}}],"collection":[{"href":"https:\/\/www.europesays.com\/pt\/wp-json\/wp\/v2\/posts"}],"about":[{"href":"https:\/\/www.europesays.com\/pt\/wp-json\/wp\/v2\/types\/post"}],"author":[{"embeddable":true,"href":"https:\/\/www.europesays.com\/pt\/wp-json\/wp\/v2\/users\/2"}],"replies":[{"embeddable":true,"href":"https:\/\/www.europesays.com\/pt\/wp-json\/wp\/v2\/comments?post=510144"}],"version-history":[{"count":0,"href":"https:\/\/www.europesays.com\/pt\/wp-json\/wp\/v2\/posts\/510144\/revisions"}],"wp:featuredmedia":[{"embeddable":true,"href":"https:\/\/www.europesays.com\/pt\/wp-json\/wp\/v2\/media\/510145"}],"wp:attachment":[{"href":"https:\/\/www.europesays.com\/pt\/wp-json\/wp\/v2\/media?parent=510144"}],"wp:term":[{"taxonomy":"category","embeddable":true,"href":"https:\/\/www.europesays.com\/pt\/wp-json\/wp\/v2\/categories?post=510144"},{"taxonomy":"post_tag","embeddable":true,"href":"https:\/\/www.europesays.com\/pt\/wp-json\/wp\/v2\/tags?post=510144"}],"curies":[{"name":"wp","href":"https:\/\/api.w.org\/{rel}","templated":true}]}}