{"id":510150,"date":"2026-09-03T10:24:12","date_gmt":"2026-09-03T10:24:12","guid":{"rendered":"https:\/\/www.europesays.com\/pt\/510150\/"},"modified":"2026-09-03T10:24:12","modified_gmt":"2026-09-03T10:24:12","slug":"musico-mexicano-a-mulher-gravida-a-filha-de-tres-anos-e-a-ama-mortos-em-homicidio-brutal","status":"publish","type":"post","link":"https:\/\/www.europesays.com\/pt\/510150\/","title":{"rendered":"M\u00fasico mexicano, a mulher gr\u00e1vida, a filha de tr\u00eas anos e a ama mortos em homic\u00eddio brutal"},"content":{"rendered":"<p>                Tr\u00eas das v\u00edtimas, incluindo a crian\u00e7a, foram baleadas na cabe\u00e7a. C\u00e3o da fam\u00edlia foi encontrado amarrado e igualmente sem vida<\/p>\n<p>Um m\u00fasico mexicano, a sua mulher gr\u00e1vida e a sua filha de tr\u00eas anos, bem como a ama e o c\u00e3o da fam\u00edlia, foram encontrados mortos esta ter\u00e7a-feira, num caso de homic\u00eddio brutal.<\/p>\n<p>Jonathan Mel\u00e9ndez, teclista de 38 anos da conhecida banda de indie rock Camilo S\u00e9ptimo, estava entre os corpos encontrados num apartamento de um bairro nobre perto da Cidade do M\u00e9xico na noite desta ter\u00e7a-feira, informou a Procuradoria-Geral do Estado do M\u00e9xico. A sua mulher, Ana Paula, de 35 anos, estava gr\u00e1vida de quatro meses.<\/p>\n<p>A fam\u00edlia da segunda mulher confirmou aos jornalistas que a jovem de 21 anos, de nome Aleida Romero Victorio, trabalhava para o casal como ama.<\/p>\n<p>\u201cEra uma rapariga muito trabalhadora e respons\u00e1vel que n\u00e3o merecia que isto lhe acontecesse\u201d, disse a tia, Lorena Victorio Cabrera.<\/p>\n<p>Tr\u00eas das v\u00edtimas \u2013 incluindo a menina \u2013 foram baleadas na cabe\u00e7a, disseram as autoridades, enquanto a outra foi baleada nas costas.<\/p>\n<p>\u201cDuas das v\u00edtimas foram encontradas com as m\u00e3os amarradas\u201d, informou a acusa\u00e7\u00e3o. O c\u00e3o foi encontrado morto, com as patas amarradas.<\/p>\n<p>Um menino de seis anos foi encontrado com vida no local e estava ileso, acrescentaram as autoridades.<\/p>\n<p>As autoridades acreditam que os homic\u00eddios ocorreram entre as 17:30 e as 19:40 locais de ter\u00e7a-feira.<\/p>\n<p>A banda de Mel\u00e9ndez afirmou que o artista ser\u00e1 recordado \u201ccom imenso amor e gratid\u00e3o\u201d.<\/p>\n<p>\u201cHoje honramos e celebramos a sua vida, a sua m\u00fasica, a sua luz e o que partilhou com aqueles de n\u00f3s que tiveram a sorte de o conhecer e de caminhar ao seu lado\u201d, partilharam os Camilo S\u00e9ptimo no Instagram.<\/p>\n<p>Dois homens foram detidos em liga\u00e7\u00e3o com as mortes j\u00e1 esta quarta-feira, numa opera\u00e7\u00e3o conjunta que envolveu a Procuradoria do Estado do M\u00e9xico, a Secretaria Federal de Seguran\u00e7a e Prote\u00e7\u00e3o Cidad\u00e3 e a Secretaria de Seguran\u00e7a Cidad\u00e3 da Cidade do M\u00e9xico.<\/p>\n<p> <img loading=\"lazy\" decoding=\"async\" alt=\"Dois homens foram detidos por alegado envolvimento num homic\u00eddio m\u00faltiplo em Atizap\u00e1n de Sarago\u00e7a, no M\u00e9xico; entre as v\u00edtimas estava o m\u00fasico Jonathan Mel\u00e9ndez, membro da banda Camilo S\u00e9ptimo (Secretaria de Seguran\u00e7a e Prote\u00e7\u00e3o do Cidad\u00e3o do M\u00e9xico)\" height=\"563\" src=\"https:\/\/www.europesays.com\/pt\/wp-content\/uploads\/2026\/09\/1788431052_612_1000.jpg\" width=\"1000\"\/> <\/p>\n<p>   Dois homens foram detidos por alegado envolvimento num homic\u00eddio m\u00faltiplo em Atizap\u00e1n de Sarago\u00e7a, no M\u00e9xico; entre as v\u00edtimas estava o m\u00fasico Jonathan Mel\u00e9ndez, membro da banda Camilo S\u00e9ptimo (Secretaria de Seguran\u00e7a e Prote\u00e7\u00e3o do Cidad\u00e3o do M\u00e9xico) <\/p>\n<p>Um associado de Mel\u00e9ndez, identificado como Diego Sebasti\u00e1n \u201cN\u201d, \u00e9 acusado de ser o prov\u00e1vel autor do crime, informou a acusa\u00e7\u00e3o.<\/p>\n<p>Um outro homem, identificado como Gerardo \u201cN\u201d, est\u00e1 tamb\u00e9m a ser investigado pelo seu alegado envolvimento.<\/p>\n<p>A CNN est\u00e1 a tentar apurar se os detidos t\u00eam representa\u00e7\u00e3o legal.<\/p>\n<p>Um dos suspeitos ter-se-\u00e1 aproveitado da sua rela\u00e7\u00e3o com uma das v\u00edtimas para entrar na resid\u00eancia, segundo Omar Garc\u00eda Harfuch, secret\u00e1rio de Seguran\u00e7a e Prote\u00e7\u00e3o dos Cidad\u00e3os do M\u00e9xico.<\/p>\n<p>A acusa\u00e7\u00e3o informou que divulgar\u00e1 as circunst\u00e2ncias dos homic\u00eddios e a situa\u00e7\u00e3o jur\u00eddica dos detidos na fase processual adequada.<\/p>\n<p>Michael Rios, da CNN, contribuiu para esta reportagem<\/p>\n","protected":false},"excerpt":{"rendered":"Tr\u00eas das v\u00edtimas, incluindo a crian\u00e7a, foram baleadas na cabe\u00e7a. C\u00e3o da fam\u00edlia foi encontrado amarrado e igualmente&hellip;\n","protected":false},"author":2,"featured_media":510151,"comment_status":"","ping_status":"","sticky":false,"template":"","format":"standard","meta":{"footnotes":"","_share_on_mastodon":"0"},"categories":[50],"tags":[609,611,27,28,81744,607,608,604,610,15,16,830,14,5564,82,81743,25,26,570,21,22,1872,62,12,13,19,20,23,24,3813,839,17,18,840,29,30,31,63,64,65,3814],"class_list":["post-510150","post","type-post","status-publish","format-standard","has-post-thumbnail","category-mundo","tag-alerta","tag-ao-minuto","tag-breaking-news","tag-breakingnews","tag-camilo-septimo","tag-cnn","tag-cnn-portugal","tag-crime","tag-direto","tag-featured-news","tag-featurednews","tag-guerra","tag-headlines","tag-homicidio","tag-internacional","tag-jonathan-melendez","tag-latest-news","tag-latestnews","tag-live","tag-main-news","tag-mainnews","tag-mexico","tag-mundo","tag-news","tag-noticias","tag-noticias-principais","tag-noticiasprincipais","tag-principais-noticias","tag-principaisnoticias","tag-putin","tag-russia","tag-top-stories","tag-topstories","tag-ucrania","tag-ultimas","tag-ultimas-noticias","tag-ultimasnoticias","tag-world","tag-world-news","tag-worldnews","tag-zelensky"],"share_on_mastodon":{"url":"","error":"Validation failed: Text character limit of 500 exceeded"},"_links":{"self":[{"href":"https:\/\/www.europesays.com\/pt\/wp-json\/wp\/v2\/posts\/510150","targetHints":{"allow":["GET"]}}],"collection":[{"href":"https:\/\/www.europesays.com\/pt\/wp-json\/wp\/v2\/posts"}],"about":[{"href":"https:\/\/www.europesays.com\/pt\/wp-json\/wp\/v2\/types\/post"}],"author":[{"embeddable":true,"href":"https:\/\/www.europesays.com\/pt\/wp-json\/wp\/v2\/users\/2"}],"replies":[{"embeddable":true,"href":"https:\/\/www.europesays.com\/pt\/wp-json\/wp\/v2\/comments?post=510150"}],"version-history":[{"count":0,"href":"https:\/\/www.europesays.com\/pt\/wp-json\/wp\/v2\/posts\/510150\/revisions"}],"wp:featuredmedia":[{"embeddable":true,"href":"https:\/\/www.europesays.com\/pt\/wp-json\/wp\/v2\/media\/510151"}],"wp:attachment":[{"href":"https:\/\/www.europesays.com\/pt\/wp-json\/wp\/v2\/media?parent=510150"}],"wp:term":[{"taxonomy":"category","embeddable":true,"href":"https:\/\/www.europesays.com\/pt\/wp-json\/wp\/v2\/categories?post=510150"},{"taxonomy":"post_tag","embeddable":true,"href":"https:\/\/www.europesays.com\/pt\/wp-json\/wp\/v2\/tags?post=510150"}],"curies":[{"name":"wp","href":"https:\/\/api.w.org\/{rel}","templated":true}]}}