{"id":510166,"date":"2026-09-03T10:39:21","date_gmt":"2026-09-03T10:39:21","guid":{"rendered":"https:\/\/www.europesays.com\/pt\/510166\/"},"modified":"2026-09-03T10:39:21","modified_gmt":"2026-09-03T10:39:21","slug":"corpo-de-bebe-encontrado-dentro-de-saco-do-lixo-por-empregada-de-limpeza","status":"publish","type":"post","link":"https:\/\/www.europesays.com\/pt\/510166\/","title":{"rendered":"Corpo de beb\u00e9 encontrado dentro de saco do lixo por empregada de limpeza"},"content":{"rendered":"<p>O corpo de um beb\u00e9 foi encontrado dentro de um saco do lixo, esta tarde de quarta-feira, por uma funcion\u00e1ria que estava a limpar um edif\u00edcio em Barcelona, em Espanha.<\/p>\n<p>A descoberta aconteceu pelas 14h00 (hora local), segundo apurou o jornal Metr\u00f3poli.<\/p>\n<p>Os Mossos d&#8217;Esquadra detalharam \u00e0quele meio que a trabalhadora apercebeu-se de que havia sangue no patamar das escadas, proveniente de um saco do lixo. Ao abri-lo, deparou-se com o cad\u00e1ver de um beb\u00e9.<\/p>\n<p>V\u00e1rias equipas da pol\u00edcia catal\u00e3 acorreram ao local, assim como dos meios de socorro.<\/p>\n<p>A investiga\u00e7\u00e3o ficou a cargo \u00c1rea de Investiga\u00e7\u00e3o Criminal (AIC), desconhecendo-se, para j\u00e1, mais detalhes sobre o caso.<\/p>\n<p>Leia Tamb\u00e9m: <a href=\"https:\/\/www.noticiasaominuto.com\/mundo\/3042950\/mais-de-40-mil-pares-de-oculos-de-sol-contrafeitos-apreendidos-em-espanha\" target=\"_blank\" rel=\"noopener noreferrer nofollow\">Mais de 40 mil pares de \u00f3culos de sol contrafeitos apreendidos em Espanha<\/a><\/p>\n","protected":false},"excerpt":{"rendered":"O corpo de um beb\u00e9 foi encontrado dentro de um saco do lixo, esta tarde de quarta-feira, por&hellip;\n","protected":false},"author":2,"featured_media":510167,"comment_status":"","ping_status":"","sticky":false,"template":"","format":"standard","meta":{"footnotes":"","_share_on_mastodon":"0"},"categories":[50],"tags":[27,28,15,16,14,25,26,21,22,62,12,13,19,20,23,24,17,18,29,30,31,63,64,65],"class_list":["post-510166","post","type-post","status-publish","format-standard","has-post-thumbnail","category-mundo","tag-breaking-news","tag-breakingnews","tag-featured-news","tag-featurednews","tag-headlines","tag-latest-news","tag-latestnews","tag-main-news","tag-mainnews","tag-mundo","tag-news","tag-noticias","tag-noticias-principais","tag-noticiasprincipais","tag-principais-noticias","tag-principaisnoticias","tag-top-stories","tag-topstories","tag-ultimas","tag-ultimas-noticias","tag-ultimasnoticias","tag-world","tag-world-news","tag-worldnews"],"share_on_mastodon":{"url":"https:\/\/pubeurope.com\/@pt\/117206683762553923","error":""},"_links":{"self":[{"href":"https:\/\/www.europesays.com\/pt\/wp-json\/wp\/v2\/posts\/510166","targetHints":{"allow":["GET"]}}],"collection":[{"href":"https:\/\/www.europesays.com\/pt\/wp-json\/wp\/v2\/posts"}],"about":[{"href":"https:\/\/www.europesays.com\/pt\/wp-json\/wp\/v2\/types\/post"}],"author":[{"embeddable":true,"href":"https:\/\/www.europesays.com\/pt\/wp-json\/wp\/v2\/users\/2"}],"replies":[{"embeddable":true,"href":"https:\/\/www.europesays.com\/pt\/wp-json\/wp\/v2\/comments?post=510166"}],"version-history":[{"count":0,"href":"https:\/\/www.europesays.com\/pt\/wp-json\/wp\/v2\/posts\/510166\/revisions"}],"wp:featuredmedia":[{"embeddable":true,"href":"https:\/\/www.europesays.com\/pt\/wp-json\/wp\/v2\/media\/510167"}],"wp:attachment":[{"href":"https:\/\/www.europesays.com\/pt\/wp-json\/wp\/v2\/media?parent=510166"}],"wp:term":[{"taxonomy":"category","embeddable":true,"href":"https:\/\/www.europesays.com\/pt\/wp-json\/wp\/v2\/categories?post=510166"},{"taxonomy":"post_tag","embeddable":true,"href":"https:\/\/www.europesays.com\/pt\/wp-json\/wp\/v2\/tags?post=510166"}],"curies":[{"name":"wp","href":"https:\/\/api.w.org\/{rel}","templated":true}]}}