{"id":510170,"date":"2026-09-03T10:41:09","date_gmt":"2026-09-03T10:41:09","guid":{"rendered":"https:\/\/www.europesays.com\/pt\/510170\/"},"modified":"2026-09-03T10:41:09","modified_gmt":"2026-09-03T10:41:09","slug":"hugo-soares-considera-mocao-de-censura-do-chega-ridicula-e-nao-acredita-que-pr-envie-recados-por-amigos","status":"publish","type":"post","link":"https:\/\/www.europesays.com\/pt\/510170\/","title":{"rendered":"Hugo Soares considera mo\u00e7\u00e3o de censura do Chega rid\u00edcula e n\u00e3o acredita que PR envie \u201crecados por amigos\u201d"},"content":{"rendered":"\n<p>Questionado sobre posi\u00e7\u00f5es cr\u00edticas de Lu\u00eds Neves manifestadas publicamente por pessoas pr\u00f3ximas do Presidente da Rep\u00fablica como Adalberto Campos Fernandes ou \u00c1lvaro Beleza, o dirigente do PSD disse &#8220;ter a certeza&#8221; de que o chefe de Estado n\u00e3o envia &#8220;recados por amigos&#8221; ao Governo e assumiu que votou em Ant\u00f3nio Jos\u00e9 Seguro nas \u00faltimas presidenciais.<\/p>\n<p>Por outro lado, Hugo Soares considerou <strong>&#8220;estranh\u00edssimo que Andr\u00e9 Ventura n\u00e3o fale todos os dias sobre o assalto ao seu gabinete&#8221;<\/strong>, caso que considerou &#8220;uma quest\u00e3o de regime&#8221; e disse querer ver esclarecido at\u00e9 \u00e0s \u00faltimas consequ\u00eancias, sem dizer se admite a possibilidade de terem sido pessoas do Chega a encenar o incidente.<\/p>\n<p><strong>&#8220;Se isso tivesse acontecido, a partir do em que ficasse demonstrado, o Chega e o seu l\u00edder ficavam com a sua credibilidade em &#8216;menos dois'&#8221;&#8221;<\/strong>, avisou.<\/p>\n","protected":false},"excerpt":{"rendered":"Questionado sobre posi\u00e7\u00f5es cr\u00edticas de Lu\u00eds Neves manifestadas publicamente por pessoas pr\u00f3ximas do Presidente da Rep\u00fablica como Adalberto&hellip;\n","protected":false},"author":2,"featured_media":510171,"comment_status":"","ping_status":"","sticky":false,"template":"","format":"standard","meta":{"footnotes":"","_share_on_mastodon":"0"},"categories":[8],"tags":[3386,81748,3399,27,28,1736,17703,15,16,301,14,19863,81749,2433,25,26,36448,21,22,73972,12,13,19,20,4532,32,81747,23,24,4579,33,56599,17,18,29,30,31],"class_list":["post-510170","post","type-post","status-publish","format-standard","has-post-thumbnail","category-principais-noticias","tag-andre-ventura","tag-andre-ventura-chega","tag-antonio-jose-seguro","tag-breaking-news","tag-breakingnews","tag-chega","tag-crise-politica","tag-featured-news","tag-featurednews","tag-governo","tag-headlines","tag-hugo-soares","tag-imigracao-seguranca","tag-jose-luis-carneiro","tag-latest-news","tag-latestnews","tag-luis-neves","tag-main-news","tag-mainnews","tag-mocao-censura","tag-news","tag-noticias","tag-noticias-principais","tag-noticiasprincipais","tag-parlamento","tag-portugal","tag-presidente-republica","tag-principais-noticias","tag-principaisnoticias","tag-psd","tag-pt","tag-revisao-constitucional","tag-top-stories","tag-topstories","tag-ultimas","tag-ultimas-noticias","tag-ultimasnoticias"],"share_on_mastodon":{"url":"","error":"Validation failed: Text character limit of 500 exceeded"},"_links":{"self":[{"href":"https:\/\/www.europesays.com\/pt\/wp-json\/wp\/v2\/posts\/510170","targetHints":{"allow":["GET"]}}],"collection":[{"href":"https:\/\/www.europesays.com\/pt\/wp-json\/wp\/v2\/posts"}],"about":[{"href":"https:\/\/www.europesays.com\/pt\/wp-json\/wp\/v2\/types\/post"}],"author":[{"embeddable":true,"href":"https:\/\/www.europesays.com\/pt\/wp-json\/wp\/v2\/users\/2"}],"replies":[{"embeddable":true,"href":"https:\/\/www.europesays.com\/pt\/wp-json\/wp\/v2\/comments?post=510170"}],"version-history":[{"count":0,"href":"https:\/\/www.europesays.com\/pt\/wp-json\/wp\/v2\/posts\/510170\/revisions"}],"wp:featuredmedia":[{"embeddable":true,"href":"https:\/\/www.europesays.com\/pt\/wp-json\/wp\/v2\/media\/510171"}],"wp:attachment":[{"href":"https:\/\/www.europesays.com\/pt\/wp-json\/wp\/v2\/media?parent=510170"}],"wp:term":[{"taxonomy":"category","embeddable":true,"href":"https:\/\/www.europesays.com\/pt\/wp-json\/wp\/v2\/categories?post=510170"},{"taxonomy":"post_tag","embeddable":true,"href":"https:\/\/www.europesays.com\/pt\/wp-json\/wp\/v2\/tags?post=510170"}],"curies":[{"name":"wp","href":"https:\/\/api.w.org\/{rel}","templated":true}]}}